{"id":5397,"date":"2023-07-17T13:36:48","date_gmt":"2023-07-17T16:36:48","guid":{"rendered":"https:\/\/www.rotaexata.com.br\/blog\/?p=5397"},"modified":"2023-07-17T13:37:54","modified_gmt":"2023-07-17T16:37:54","slug":"reforma-tributaria-ipva-ficara-mais-caro-para-alguns-veiculos","status":"publish","type":"post","link":"https:\/\/www.rotaexata.com.br\/blog\/reforma-tributaria-ipva-ficara-mais-caro-para-alguns-veiculos\/","title":{"rendered":"Reforma tribut\u00e1ria: IPVA ficar\u00e1 mais caro para alguns ve\u00edculos"},"content":{"rendered":"<div style=\"min-height: 30px;display: inline-block;\"><input id=\"5397\" style=\"margin: auto;max-width: 50px;\" src=\"https:\/\/www.rotaexata.com.br\/blog\/wp-content\/plugins\/wp-advanced-pdf\/asset\/images\/pdf.png\" alt=\"#TB_inline?height=230&amp;width=400&amp;inlineId=examplePopup1\" title=\"Export pdf to your Email\" class=\"thickbox export-pdf\" type=\"image\" value=\"Export to PDF\" \/><\/div>\n<p>A C\u00e2mara dos Deputados aprovou na \u00faltima sexta-feira (7), a reforma tribut\u00e1ria. Em seu texto-base a reforma altera a cobran\u00e7a de impostos sobre o consumo e propriedade, entre esses impostos est\u00e1 o IPVA (Imposto sobre a Propriedade de Ve\u00edculos Automotores).&nbsp;<\/p>\n\n\n\n<p>A proposta da reforma tribut\u00e1ria poder\u00e1 trazer mudan\u00e7as que ser\u00e3o importantes para o IPVA. Por isso, \u00e9 preciso ficar atento, j\u00e1 que uma s\u00e9rie de mudan\u00e7as \u00e9 significativa. Por exemplo, o que se tem at\u00e9 o momento \u00e9 que o IPVA passar\u00e1 a ser progressivo em raz\u00e3o do impacto ambiental do ve\u00edculo. Ou seja, ve\u00edculos el\u00e9tricos e h\u00edbridos ter\u00e3o uma al\u00edquota menor em rela\u00e7\u00e3o aos demais ve\u00edculos de motor a combust\u00e3o (gasolina, \u00e1lcool e diesel) interna.<\/p>\n\n\n\n<p>Conhe\u00e7a as principais mudan\u00e7as e como isso pode impactar sua empresa. Boa leitura!<\/p>\n\n\n\n<h2><strong>Qual a principal mudan\u00e7a<\/strong><\/h2>\n\n\n\n<div class=\"wp-block-image\"><figure class=\"aligncenter size-large\"><img loading=\"lazy\" width=\"700\" height=\"292\" src=\"https:\/\/www.rotaexata.com.br\/blog\/wp-content\/uploads\/2023\/07\/Qual-a-principal-mudanca-700x292.png\" alt=\"\" class=\"wp-image-5398\" srcset=\"https:\/\/www.rotaexata.com.br\/blog\/wp-content\/uploads\/2023\/07\/Qual-a-principal-mudanca-700x292.png 700w, https:\/\/www.rotaexata.com.br\/blog\/wp-content\/uploads\/2023\/07\/Qual-a-principal-mudanca-250x104.png 250w, https:\/\/www.rotaexata.com.br\/blog\/wp-content\/uploads\/2023\/07\/Qual-a-principal-mudanca-768x320.png 768w, https:\/\/www.rotaexata.com.br\/blog\/wp-content\/uploads\/2023\/07\/Qual-a-principal-mudanca-120x50.png 120w, https:\/\/www.rotaexata.com.br\/blog\/wp-content\/uploads\/2023\/07\/Qual-a-principal-mudanca.png 1200w\" sizes=\"(max-width: 700px) 100vw, 700px\" \/><\/figure><\/div>\n\n\n\n<p>Na atualidade, a Constitui\u00e7\u00e3o prev\u00ea a tributa\u00e7\u00e3o de ve\u00edculos automotores, sem especifica\u00e7\u00e3o. Por\u00e9m, a PEC (Proposta de Emenda Constitucional), antecipa que os ve\u00edculos mais caros e mais poluentes pagar\u00e3o mais impostos. A aplica\u00e7\u00e3o da al\u00edquota individualizada ser\u00e1 em fun\u00e7\u00e3o do tipo, do valor, da utilidade e do impacto ambiental do ve\u00edculo.<\/p>\n\n\n\n<p>Ou seja, a al\u00edquota n\u00e3o ser\u00e1 fixada para todos, o imposto ser\u00e1 pago conforme o valor do mercado, quanto mais barato o ve\u00edculo, menor o tributo. Assim, como os propriet\u00e1rios de ve\u00edculos el\u00e9tricos ou movidos a g\u00e1s natural veicular (GNV), pagar\u00e3o um IPVA mais barato.<\/p>\n\n\n\n<p>Vale ressaltar que o ve\u00edculo el\u00e9trico mais barato vendido hoje no Brasil, est\u00e1 na m\u00e9dia de R$139.900, o que significa que muitos n\u00e3o t\u00eam acesso. Sendo que j\u00e1 h\u00e1 uma reclama\u00e7\u00e3o de propriet\u00e1rios desses modelos sobre o valor do ve\u00edculo.&nbsp;&nbsp;&nbsp;&nbsp;<\/p>\n\n\n\n<h3>&nbsp;<strong>Impacto ao contribuintes&nbsp;<\/strong><\/h3>\n\n\n\n<p>O efeito dessa nova regulamenta\u00e7\u00e3o vai depender de cada estado, mas j\u00e1 \u00e9 previsto que haja aumento do imposto para ve\u00edculos novos e de luxo, exceto os el\u00e9tricos e h\u00edbridos.<\/p>\n\n\n\n<h3><strong>Impacto aos Estados e Munic\u00edpios&nbsp;<\/strong><\/h3>\n\n\n\n<p>Aos Estados e Munic\u00edpios, fica a d\u00favida em rela\u00e7\u00e3o \u00e0s al\u00edquotas, que por meio de lei complementar ser\u00e3o fixadas, o que acarretar\u00e1 uma poss\u00edvel queda na arrecada\u00e7\u00e3o com o IPVA.<\/p>\n\n\n\n<h2><strong>Sobre a Reforma Tribut\u00e1ria&nbsp;&nbsp;<\/strong><\/h2>\n\n\n\n<p>A emenda \u00e0 constitui\u00e7\u00e3o PEC 45\/2019, ainda aguarda vota\u00e7\u00e3o do Senado Federal, prevista para ocorrer entre os dias 18 a 31 de julho, ap\u00f3s o recesso dos senadores. Na C\u00e2mara teve 382 votos favor\u00e1veis e 118 votos contr\u00e1rios no primeiro turno e 375 a favor e 113 contra no segundo turno. Caso o texto seja modificado pelo Senado, ele voltar\u00e1 para a C\u00e2mara para ser aprovado novamente.&nbsp;&nbsp;<\/p>\n\n\n\n<h2><strong>Implementa\u00e7\u00e3o<\/strong><\/h2>\n\n\n\n<p>N\u00e3o se sabe quando as novas regras do IPVA passar\u00e3o a valer, a proposta da reforma tribut\u00e1ria ser\u00e1 implantada gradativamente at\u00e9 2033. Por\u00e9m, ap\u00f3s ser aprovada, essa transi\u00e7\u00e3o deve come\u00e7ar em 2026 e alguns pontos ser\u00e3o regularizados por Lei Complementar.&nbsp;<\/p>\n\n\n\n<h2><strong>Como \u00e9 feito a base de c\u00e1lculo IPVA&nbsp;<\/strong><\/h2>\n\n\n\n<div class=\"wp-block-image\"><figure class=\"aligncenter size-large\"><img loading=\"lazy\" width=\"700\" height=\"321\" src=\"https:\/\/www.rotaexata.com.br\/blog\/wp-content\/uploads\/2023\/07\/Calculadora-1-700x321.png\" alt=\"\" class=\"wp-image-5399\" srcset=\"https:\/\/www.rotaexata.com.br\/blog\/wp-content\/uploads\/2023\/07\/Calculadora-1-700x321.png 700w, https:\/\/www.rotaexata.com.br\/blog\/wp-content\/uploads\/2023\/07\/Calculadora-1-250x115.png 250w, https:\/\/www.rotaexata.com.br\/blog\/wp-content\/uploads\/2023\/07\/Calculadora-1-768x352.png 768w, https:\/\/www.rotaexata.com.br\/blog\/wp-content\/uploads\/2023\/07\/Calculadora-1-120x55.png 120w, https:\/\/www.rotaexata.com.br\/blog\/wp-content\/uploads\/2023\/07\/Calculadora-1.png 1200w\" sizes=\"(max-width: 700px) 100vw, 700px\" \/><\/figure><\/div>\n\n\n\n<p>O valor do IPVA calculado hoje muda anualmente, pois alguns pontos s\u00e3o levados em conta na hora de estabelecer a tabela de pre\u00e7o, como o ano de fabrica\u00e7\u00e3o, porte, tipo do ve\u00edculo e localiza\u00e7\u00e3o.&nbsp;<\/p>\n\n\n\n<p>O c\u00e1lculo \u00e9 feito da seguinte forma: valor do ve\u00edculo \u00e9 multiplicado, pela porcentagem da al\u00edquota do estado onde ele foi registrado, e dividido o valor por 100. Considerando que voc\u00ea tenha adquirido um ve\u00edculo no valor de R$50 mil, com al\u00edquota de 5% o valor do IPVA a ser pago seria de R$2.500.&nbsp;<\/p>\n\n\n\n<p>Ve\u00edculo usado: a base para ve\u00edculos usados do IPVA \u00e9 o valor de mercado do ve\u00edculo. Esse valor \u00e9 estipulado pela <a href=\"https:\/\/veiculos.fipe.org.br\/\">tabela FIPE<\/a> (Funda\u00e7\u00e3o Instituto de Pesquisas Econ\u00f4micas), respons\u00e1vel por elaborar uma tabela de pre\u00e7os m\u00e9dios dos ve\u00edculos.&nbsp;<\/p>\n\n\n\n<p>Ve\u00edculos novos: para ve\u00edculo zero quil\u00f4metro, o valor \u00e9 baseado pelo total da nota fiscal, incluindo o valor dos opcionais e acess\u00f3rios.&nbsp;&nbsp;<\/p>\n\n\n\n<h2><strong>Entenda como a Reforma Tribut\u00e1ria muda pre\u00e7o dos combust\u00edveis&nbsp;<\/strong><\/h2>\n\n\n\n<div class=\"wp-block-image\"><figure class=\"aligncenter size-large\"><img loading=\"lazy\" width=\"700\" height=\"292\" src=\"https:\/\/www.rotaexata.com.br\/blog\/wp-content\/uploads\/2023\/07\/Preco-dos-combustiveis-700x292.png\" alt=\"\" class=\"wp-image-5400\" srcset=\"https:\/\/www.rotaexata.com.br\/blog\/wp-content\/uploads\/2023\/07\/Preco-dos-combustiveis-700x292.png 700w, https:\/\/www.rotaexata.com.br\/blog\/wp-content\/uploads\/2023\/07\/Preco-dos-combustiveis-250x104.png 250w, https:\/\/www.rotaexata.com.br\/blog\/wp-content\/uploads\/2023\/07\/Preco-dos-combustiveis-768x320.png 768w, https:\/\/www.rotaexata.com.br\/blog\/wp-content\/uploads\/2023\/07\/Preco-dos-combustiveis-120x50.png 120w, https:\/\/www.rotaexata.com.br\/blog\/wp-content\/uploads\/2023\/07\/Preco-dos-combustiveis.png 1200w\" sizes=\"(max-width: 700px) 100vw, 700px\" \/><\/figure><\/div>\n\n\n\n<p>A proposta da reforma \u00e9 de simplificar os impostos dos combust\u00edveis e lubrificantes, visto os aumentos e redu\u00e7\u00f5es constantes que acontecem, devido \u00e0s diversas tributa\u00e7\u00f5es que o produto sofre, at\u00e9 chegar ao consumidor final.&nbsp;<\/p>\n\n\n\n<p>O plano \u00e9 adotar apenas o<strong> Imposto sobre Valor Adicionado (IVA<\/strong>) dual com al\u00edquota \u00fanica para todo o pa\u00eds. O valor da al\u00edquota ser\u00e1 estabelecido para cada combust\u00edvel, sem nenhuma defini\u00e7\u00e3o entre qual seria mais baixo ou mais alto.&nbsp;<br>Conforme o <strong>Instituto Brasileiro de Petr\u00f3leo e G\u00e1s (IBP)<\/strong>, a mudan\u00e7a pode elevar ainda mais os pre\u00e7os para o consumidor. No entanto, outros especialistas acreditam que ainda \u00e9 cedo para fazer essa afirma\u00e7\u00e3o, pois o impacto ainda \u00e9 incerto, visto que alguns regimes diferenciados para os combust\u00edveis ser\u00e3o decididos por lei complementar. Al\u00e9m disso, o resultado s\u00f3 acontecer\u00e1 ap\u00f3s a defini\u00e7\u00e3o da al\u00edquota do IVA dual.&nbsp;<\/p>\n\n\n\n<h2><strong>Como gerenciar os custos com IPVA e combust\u00edvel da sua frota<\/strong><\/h2>\n\n\n\n<p>De fato, a <strong>gest\u00e3o da frota<\/strong> \u00e9 a maior preocupa\u00e7\u00e3o dos gestores. Afinal de contas, os custos com as opera\u00e7\u00f5es podem atrapalhar todo o processo da empresa. Para isso, o investimento em um <strong>sistema de gest\u00e3o<\/strong> \u00e9 crucial.<\/p>\n\n\n\n<p>Com o Sistema de<strong> <\/strong><a href=\"https:\/\/www.rotaexata.com.br\/gestao-frotas\"><strong>Gest\u00e3o RotaExata<\/strong>,<\/a> voc\u00ea realiza a gest\u00e3o de documentos e custos com combust\u00edvel da frota, pois entendemos que o controle e registro desses gastos \u00e9 fundamental, uma vez que, \u00e9 uma das maiores despesas para as empresas que possuem frota.&nbsp;<\/p>\n\n\n\n<p>Com esse<strong> <\/strong><a href=\"https:\/\/www.rotaexata.com.br\/gestao-frotas\"><strong>m\u00f3dulo<\/strong><\/a> \u00e9 poss\u00edvel registrar os gastos anuais com IPVA e as demais taxas, licen\u00e7as e multas, podendo estimar os gastos de tempo em tempo. De modo que simplifique os processos, automatizando as fun\u00e7\u00f5es e auxiliando os gestores de forma exata. Assim como, registrar os comprovantes de abastecimento por meio de fotos, favorecendo os c\u00e1lculos finais de custos com total seguran\u00e7a das informa\u00e7\u00f5es.&nbsp;&nbsp;<\/p>\n\n\n\n<p>Bem como, a supervis\u00e3o de gastos com combust\u00edvel \u00e9 de extrema import\u00e2ncia, visto que os aumentos constantes dos pre\u00e7os impactam diretamente os custos da empresa. Mantendo o controle de abastecimento \u00e9 muito mais f\u00e1cil assegurar o equil\u00edbrio dos custos.<\/p>\n\n\n\n<div class=\"wp-block-image\"><figure class=\"aligncenter size-large\"><img loading=\"lazy\" width=\"700\" height=\"350\" src=\"https:\/\/www.rotaexata.com.br\/blog\/wp-content\/uploads\/2023\/07\/Gerenciar-os-custos-com-IPVA-700x350.png\" alt=\"\" class=\"wp-image-5401\" srcset=\"https:\/\/www.rotaexata.com.br\/blog\/wp-content\/uploads\/2023\/07\/Gerenciar-os-custos-com-IPVA-700x350.png 700w, https:\/\/www.rotaexata.com.br\/blog\/wp-content\/uploads\/2023\/07\/Gerenciar-os-custos-com-IPVA-250x125.png 250w, https:\/\/www.rotaexata.com.br\/blog\/wp-content\/uploads\/2023\/07\/Gerenciar-os-custos-com-IPVA-768x384.png 768w, https:\/\/www.rotaexata.com.br\/blog\/wp-content\/uploads\/2023\/07\/Gerenciar-os-custos-com-IPVA-120x60.png 120w, https:\/\/www.rotaexata.com.br\/blog\/wp-content\/uploads\/2023\/07\/Gerenciar-os-custos-com-IPVA.png 1200w\" sizes=\"(max-width: 700px) 100vw, 700px\" \/><\/figure><\/div>\n\n\n\n<p>O sistema de<a href=\"https:\/\/www.rotaexata.com.br\/rastreamento-veicular\"><strong> rastreamento da RotaExata<\/strong><\/a>, \u00e9 primordial para esse controle, pois o uso indevido do ve\u00edculo, causa o aumento do consumo. O <strong>rastreador <\/strong>facilita o trabalho do gestor, com informa\u00e7\u00f5es em tempo real das opera\u00e7\u00f5es de campo \u00e9 poss\u00edvel identificar os motoristas e criar regras que refletem na economia com combust\u00edvel.&nbsp;<\/p>\n\n\n\n<p><a href=\"https:\/\/www.rotaexata.com.br\/blog\/melhor-sistema-de-gestao-de-frotas\/\"><strong>O m\u00f3dulo de gest\u00e3o<\/strong><\/a> realiza an\u00e1lises e relat\u00f3rios completos do desempenho da economia e custos em geral e tamb\u00e9m personalizado, para o acompanhamento do processo e observar o que ainda precisa ser melhorado.<\/p>\n\n\n\n<p>Como se pode ver, a gest\u00e3o de frota da <a href=\"https:\/\/www.rotaexata.com.br\/\"><strong>RotaExata<\/strong><\/a>, possibilita um controle preciso e detalhado dos custos que uma frota gera para uma empresa. Dessa forma, definir custos se torna mais simples e completo e seu gerenciamento se torna muito mais eficiente.&nbsp;&nbsp;&nbsp;<br>Quer saber mais sobre o nosso software, acesse nosso <a href=\"https:\/\/www.rotaexata.com.br\/blog\/\"><strong>blog<\/strong><\/a> e veja muito mais, sobre roteiriza\u00e7\u00e3o, gest\u00e3o, rastreamento e automa\u00e7\u00e3o.<\/p>\n","protected":false},"excerpt":{"rendered":"Mudan\u00e7a prev\u00ea al\u00edquota diferente dependendo do valor, tipo, utilidade e impacto ambiental\n","protected":false},"author":17,"featured_media":5403,"comment_status":"open","ping_status":"open","sticky":false,"template":"","format":"standard","meta":{"_uag_custom_page_level_css":""},"categories":[2],"tags":[13,28,420,476,11,102,252,103,175,255,184,411,395],"yoast_head":"<!-- This site is optimized with the Yoast SEO plugin v17.9 - https:\/\/yoast.com\/wordpress\/plugins\/seo\/ -->\n<meta name=\"description\" content=\"Mudan\u00e7a prev\u00ea al\u00edquota do IPVA diferente dependendo do valor, tipo, utilidade e impacto ambiental, al\u00e9m do aumento do combust\u00edvel\" \/>\n<meta name=\"robots\" content=\"index, follow, max-snippet:-1, max-image-preview:large, max-video-preview:-1\" \/>\n<link rel=\"canonical\" href=\"https:\/\/www.rotaexata.com.br\/blog\/reforma-tributaria-ipva-ficara-mais-caro-para-alguns-veiculos\/\" \/>\n<meta property=\"og:locale\" content=\"pt_BR\" \/>\n<meta property=\"og:type\" content=\"article\" \/>\n<meta property=\"og:title\" content=\"Reforma tribut\u00e1ria: IPVA ficar\u00e1 mais caro para alguns ve\u00edculos - RotaExata - Gest\u00e3o de Frotas e Rastreamento Veicular\" \/>\n<meta property=\"og:description\" content=\"Mudan\u00e7a prev\u00ea al\u00edquota do IPVA diferente dependendo do valor, tipo, utilidade e impacto ambiental, al\u00e9m do aumento do combust\u00edvel\" \/>\n<meta property=\"og:url\" content=\"https:\/\/www.rotaexata.com.br\/blog\/reforma-tributaria-ipva-ficara-mais-caro-para-alguns-veiculos\/\" \/>\n<meta property=\"og:site_name\" content=\"RotaExata - Gest\u00e3o de Frotas e Rastreamento Veicular\" \/>\n<meta property=\"article:publisher\" content=\"https:\/\/www.facebook.com\/rotaexata\/\" \/>\n<meta property=\"article:published_time\" content=\"2023-07-17T16:36:48+00:00\" \/>\n<meta property=\"article:modified_time\" content=\"2023-07-17T16:37:54+00:00\" \/>\n<meta property=\"og:image\" content=\"https:\/\/www.rotaexata.com.br\/blog\/wp-content\/uploads\/2023\/07\/Capa-7.png\" \/>\n\t<meta property=\"og:image:width\" content=\"496\" \/>\n\t<meta property=\"og:image:height\" content=\"422\" \/>\n\t<meta property=\"og:image:type\" content=\"image\/png\" \/>\n<meta name=\"twitter:card\" content=\"summary_large_image\" \/>\n<meta name=\"twitter:label1\" content=\"Written by\" \/>\n\t<meta name=\"twitter:data1\" content=\"Izabella\" \/>\n\t<meta name=\"twitter:label2\" content=\"Est. reading time\" \/>\n\t<meta name=\"twitter:data2\" content=\"7 minutos\" \/>\n<script type=\"application\/ld+json\" class=\"yoast-schema-graph\">{\"@context\":\"https:\/\/schema.org\",\"@graph\":[{\"@type\":\"WebSite\",\"@id\":\"https:\/\/www.rotaexata.com.br\/blog\/#website\",\"url\":\"https:\/\/www.rotaexata.com.br\/blog\/\",\"name\":\"RotaExata - Gest\\u00e3o de Frotas e Rastreamento Veicular\",\"description\":\"A RotaExata \\u00e9 uma plataforma de Gest\\u00e3o de Frotas atrav\\u00e9s de Rastreamento Veicular\",\"potentialAction\":[{\"@type\":\"SearchAction\",\"target\":{\"@type\":\"EntryPoint\",\"urlTemplate\":\"https:\/\/www.rotaexata.com.br\/blog\/?s={search_term_string}\"},\"query-input\":\"required name=search_term_string\"}],\"inLanguage\":\"pt-BR\"},{\"@type\":\"ImageObject\",\"@id\":\"https:\/\/www.rotaexata.com.br\/blog\/reforma-tributaria-ipva-ficara-mais-caro-para-alguns-veiculos\/#primaryimage\",\"inLanguage\":\"pt-BR\",\"url\":\"https:\/\/www.rotaexata.com.br\/blog\/wp-content\/uploads\/2023\/07\/Capa-7.png\",\"contentUrl\":\"https:\/\/www.rotaexata.com.br\/blog\/wp-content\/uploads\/2023\/07\/Capa-7.png\",\"width\":496,\"height\":422,\"caption\":\"capa\"},{\"@type\":\"WebPage\",\"@id\":\"https:\/\/www.rotaexata.com.br\/blog\/reforma-tributaria-ipva-ficara-mais-caro-para-alguns-veiculos\/#webpage\",\"url\":\"https:\/\/www.rotaexata.com.br\/blog\/reforma-tributaria-ipva-ficara-mais-caro-para-alguns-veiculos\/\",\"name\":\"Reforma tribut\\u00e1ria: IPVA ficar\\u00e1 mais caro para alguns ve\\u00edculos - RotaExata - Gest\\u00e3o de Frotas e Rastreamento Veicular\",\"isPartOf\":{\"@id\":\"https:\/\/www.rotaexata.com.br\/blog\/#website\"},\"primaryImageOfPage\":{\"@id\":\"https:\/\/www.rotaexata.com.br\/blog\/reforma-tributaria-ipva-ficara-mais-caro-para-alguns-veiculos\/#primaryimage\"},\"datePublished\":\"2023-07-17T16:36:48+00:00\",\"dateModified\":\"2023-07-17T16:37:54+00:00\",\"author\":{\"@id\":\"https:\/\/www.rotaexata.com.br\/blog\/#\/schema\/person\/eb9eea7da001106faadce924dc290994\"},\"description\":\"Mudan\\u00e7a prev\\u00ea al\\u00edquota do IPVA diferente dependendo do valor, tipo, utilidade e impacto ambiental, al\\u00e9m do aumento do combust\\u00edvel\",\"breadcrumb\":{\"@id\":\"https:\/\/www.rotaexata.com.br\/blog\/reforma-tributaria-ipva-ficara-mais-caro-para-alguns-veiculos\/#breadcrumb\"},\"inLanguage\":\"pt-BR\",\"potentialAction\":[{\"@type\":\"ReadAction\",\"target\":[\"https:\/\/www.rotaexata.com.br\/blog\/reforma-tributaria-ipva-ficara-mais-caro-para-alguns-veiculos\/\"]}]},{\"@type\":\"BreadcrumbList\",\"@id\":\"https:\/\/www.rotaexata.com.br\/blog\/reforma-tributaria-ipva-ficara-mais-caro-para-alguns-veiculos\/#breadcrumb\",\"itemListElement\":[{\"@type\":\"ListItem\",\"position\":1,\"name\":\"Home\",\"item\":\"https:\/\/www.rotaexata.com.br\/blog\/\"},{\"@type\":\"ListItem\",\"position\":2,\"name\":\"Reforma tribut\\u00e1ria: IPVA ficar\\u00e1 mais caro para alguns ve\\u00edculos\"}]},{\"@type\":\"Person\",\"@id\":\"https:\/\/www.rotaexata.com.br\/blog\/#\/schema\/person\/eb9eea7da001106faadce924dc290994\",\"name\":\"Izabella\",\"image\":{\"@type\":\"ImageObject\",\"@id\":\"https:\/\/www.rotaexata.com.br\/blog\/#personlogo\",\"inLanguage\":\"pt-BR\",\"url\":\"https:\/\/secure.gravatar.com\/avatar\/a2a6070b0a76a2d61f651218a5206596?s=96&d=mm&r=g\",\"contentUrl\":\"https:\/\/secure.gravatar.com\/avatar\/a2a6070b0a76a2d61f651218a5206596?s=96&d=mm&r=g\",\"caption\":\"Izabella\"}}]}<\/script>\n<!-- \/ Yoast SEO plugin. -->","yoast_head_json":{"description":"Mudan\u00e7a prev\u00ea al\u00edquota do IPVA diferente dependendo do valor, tipo, utilidade e impacto ambiental, al\u00e9m do aumento do combust\u00edvel","robots":{"index":"index","follow":"follow","max-snippet":"max-snippet:-1","max-image-preview":"max-image-preview:large","max-video-preview":"max-video-preview:-1"},"canonical":"https:\/\/www.rotaexata.com.br\/blog\/reforma-tributaria-ipva-ficara-mais-caro-para-alguns-veiculos\/","og_locale":"pt_BR","og_type":"article","og_title":"Reforma tribut\u00e1ria: IPVA ficar\u00e1 mais caro para alguns ve\u00edculos - RotaExata - Gest\u00e3o de Frotas e Rastreamento Veicular","og_description":"Mudan\u00e7a prev\u00ea al\u00edquota do IPVA diferente dependendo do valor, tipo, utilidade e impacto ambiental, al\u00e9m do aumento do combust\u00edvel","og_url":"https:\/\/www.rotaexata.com.br\/blog\/reforma-tributaria-ipva-ficara-mais-caro-para-alguns-veiculos\/","og_site_name":"RotaExata - Gest\u00e3o de Frotas e Rastreamento Veicular","article_publisher":"https:\/\/www.facebook.com\/rotaexata\/","article_published_time":"2023-07-17T16:36:48+00:00","article_modified_time":"2023-07-17T16:37:54+00:00","og_image":[{"width":496,"height":422,"url":"https:\/\/www.rotaexata.com.br\/blog\/wp-content\/uploads\/2023\/07\/Capa-7.png","type":"image\/png"}],"twitter_card":"summary_large_image","twitter_misc":{"Written by":"Izabella","Est. reading time":"7 minutos"},"schema":{"@context":"https:\/\/schema.org","@graph":[{"@type":"WebSite","@id":"https:\/\/www.rotaexata.com.br\/blog\/#website","url":"https:\/\/www.rotaexata.com.br\/blog\/","name":"RotaExata - Gest\u00e3o de Frotas e Rastreamento Veicular","description":"A RotaExata \u00e9 uma plataforma de Gest\u00e3o de Frotas atrav\u00e9s de Rastreamento Veicular","potentialAction":[{"@type":"SearchAction","target":{"@type":"EntryPoint","urlTemplate":"https:\/\/www.rotaexata.com.br\/blog\/?s={search_term_string}"},"query-input":"required name=search_term_string"}],"inLanguage":"pt-BR"},{"@type":"ImageObject","@id":"https:\/\/www.rotaexata.com.br\/blog\/reforma-tributaria-ipva-ficara-mais-caro-para-alguns-veiculos\/#primaryimage","inLanguage":"pt-BR","url":"https:\/\/www.rotaexata.com.br\/blog\/wp-content\/uploads\/2023\/07\/Capa-7.png","contentUrl":"https:\/\/www.rotaexata.com.br\/blog\/wp-content\/uploads\/2023\/07\/Capa-7.png","width":496,"height":422,"caption":"capa"},{"@type":"WebPage","@id":"https:\/\/www.rotaexata.com.br\/blog\/reforma-tributaria-ipva-ficara-mais-caro-para-alguns-veiculos\/#webpage","url":"https:\/\/www.rotaexata.com.br\/blog\/reforma-tributaria-ipva-ficara-mais-caro-para-alguns-veiculos\/","name":"Reforma tribut\u00e1ria: IPVA ficar\u00e1 mais caro para alguns ve\u00edculos - RotaExata - Gest\u00e3o de Frotas e Rastreamento Veicular","isPartOf":{"@id":"https:\/\/www.rotaexata.com.br\/blog\/#website"},"primaryImageOfPage":{"@id":"https:\/\/www.rotaexata.com.br\/blog\/reforma-tributaria-ipva-ficara-mais-caro-para-alguns-veiculos\/#primaryimage"},"datePublished":"2023-07-17T16:36:48+00:00","dateModified":"2023-07-17T16:37:54+00:00","author":{"@id":"https:\/\/www.rotaexata.com.br\/blog\/#\/schema\/person\/eb9eea7da001106faadce924dc290994"},"description":"Mudan\u00e7a prev\u00ea al\u00edquota do IPVA diferente dependendo do valor, tipo, utilidade e impacto ambiental, al\u00e9m do aumento do combust\u00edvel","breadcrumb":{"@id":"https:\/\/www.rotaexata.com.br\/blog\/reforma-tributaria-ipva-ficara-mais-caro-para-alguns-veiculos\/#breadcrumb"},"inLanguage":"pt-BR","potentialAction":[{"@type":"ReadAction","target":["https:\/\/www.rotaexata.com.br\/blog\/reforma-tributaria-ipva-ficara-mais-caro-para-alguns-veiculos\/"]}]},{"@type":"BreadcrumbList","@id":"https:\/\/www.rotaexata.com.br\/blog\/reforma-tributaria-ipva-ficara-mais-caro-para-alguns-veiculos\/#breadcrumb","itemListElement":[{"@type":"ListItem","position":1,"name":"Home","item":"https:\/\/www.rotaexata.com.br\/blog\/"},{"@type":"ListItem","position":2,"name":"Reforma tribut\u00e1ria: IPVA ficar\u00e1 mais caro para alguns ve\u00edculos"}]},{"@type":"Person","@id":"https:\/\/www.rotaexata.com.br\/blog\/#\/schema\/person\/eb9eea7da001106faadce924dc290994","name":"Izabella","image":{"@type":"ImageObject","@id":"https:\/\/www.rotaexata.com.br\/blog\/#personlogo","inLanguage":"pt-BR","url":"https:\/\/secure.gravatar.com\/avatar\/a2a6070b0a76a2d61f651218a5206596?s=96&d=mm&r=g","contentUrl":"https:\/\/secure.gravatar.com\/avatar\/a2a6070b0a76a2d61f651218a5206596?s=96&d=mm&r=g","caption":"Izabella"}}]}},"jetpack_featured_media_url":"https:\/\/www.rotaexata.com.br\/blog\/wp-content\/uploads\/2023\/07\/Capa-7.png","uagb_featured_image_src":{"full":["https:\/\/www.rotaexata.com.br\/blog\/wp-content\/uploads\/2023\/07\/Capa-7.png",496,422,false],"thumbnail":["https:\/\/www.rotaexata.com.br\/blog\/wp-content\/uploads\/2023\/07\/Capa-7-150x150.png",150,150,true],"medium":["https:\/\/www.rotaexata.com.br\/blog\/wp-content\/uploads\/2023\/07\/Capa-7-250x213.png",250,213,true],"medium_large":["https:\/\/www.rotaexata.com.br\/blog\/wp-content\/uploads\/2023\/07\/Capa-7.png",496,422,false],"large":["https:\/\/www.rotaexata.com.br\/blog\/wp-content\/uploads\/2023\/07\/Capa-7.png",496,422,false],"1536x1536":["https:\/\/www.rotaexata.com.br\/blog\/wp-content\/uploads\/2023\/07\/Capa-7.png",496,422,false],"2048x2048":["https:\/\/www.rotaexata.com.br\/blog\/wp-content\/uploads\/2023\/07\/Capa-7.png",496,422,false],"small":["https:\/\/www.rotaexata.com.br\/blog\/wp-content\/uploads\/2023\/07\/Capa-7-120x102.png",120,102,true],"custom-size":["https:\/\/www.rotaexata.com.br\/blog\/wp-content\/uploads\/2023\/07\/Capa-7-496x200.png",496,200,true]},"uagb_author_info":{"display_name":"Izabella","author_link":"https:\/\/www.rotaexata.com.br\/blog\/author\/izabella\/"},"uagb_comment_info":0,"uagb_excerpt":"Mudan\u00e7a prev\u00ea al\u00edquota diferente dependendo do valor, tipo, utilidade e impacto ambiental","blog_post_layout_featured_media_urls":{"thumbnail":["https:\/\/www.rotaexata.com.br\/blog\/wp-content\/uploads\/2023\/07\/Capa-7-150x150.png",150,150,true],"full":["https:\/\/www.rotaexata.com.br\/blog\/wp-content\/uploads\/2023\/07\/Capa-7.png",496,422,false]},"categories_names":{"2":{"name":"Custos","link":"https:\/\/www.rotaexata.com.br\/blog\/category\/custos\/"}},"tags_names":{"13":{"name":"combust\u00edvel","link":"https:\/\/www.rotaexata.com.br\/blog\/tag\/combustivel\/"},"28":{"name":"custos","link":"https:\/\/www.rotaexata.com.br\/blog\/tag\/custos\/"},"420":{"name":"custos da frota","link":"https:\/\/www.rotaexata.com.br\/blog\/tag\/custos-da-frota\/"},"476":{"name":"Custos Uso Indevido Ve\u00edculos","link":"https:\/\/www.rotaexata.com.br\/blog\/tag\/custos-uso-indevido-veiculos\/"},"11":{"name":"frota","link":"https:\/\/www.rotaexata.com.br\/blog\/tag\/frota\/"},"102":{"name":"frota pr\u00f3pria","link":"https:\/\/www.rotaexata.com.br\/blog\/tag\/frota-propria\/"},"252":{"name":"frota terceirizada","link":"https:\/\/www.rotaexata.com.br\/blog\/tag\/frota-terceirizada\/"},"103":{"name":"frota veicular","link":"https:\/\/www.rotaexata.com.br\/blog\/tag\/frota-veicular\/"},"175":{"name":"gastos com combust\u00edvel","link":"https:\/\/www.rotaexata.com.br\/blog\/tag\/gastos-com-combustivel\/"},"255":{"name":"gest\u00e3o de documentos","link":"https:\/\/www.rotaexata.com.br\/blog\/tag\/gestao-de-documentos\/"},"184":{"name":"redu\u00e7\u00e3o de custos","link":"https:\/\/www.rotaexata.com.br\/blog\/tag\/reducao-de-custos\/"},"411":{"name":"redu\u00e7\u00e3o de custos da frota","link":"https:\/\/www.rotaexata.com.br\/blog\/tag\/reducao-de-custos-da-frota\/"},"395":{"name":"redu\u00e7\u00e3o de preju\u00edzos financeiros","link":"https:\/\/www.rotaexata.com.br\/blog\/tag\/reducao-de-prejuizos-financeiros\/"}},"comments_number":"0","_links":{"self":[{"href":"https:\/\/www.rotaexata.com.br\/blog\/wp-json\/wp\/v2\/posts\/5397"}],"collection":[{"href":"https:\/\/www.rotaexata.com.br\/blog\/wp-json\/wp\/v2\/posts"}],"about":[{"href":"https:\/\/www.rotaexata.com.br\/blog\/wp-json\/wp\/v2\/types\/post"}],"author":[{"embeddable":true,"href":"https:\/\/www.rotaexata.com.br\/blog\/wp-json\/wp\/v2\/users\/17"}],"replies":[{"embeddable":true,"href":"https:\/\/www.rotaexata.com.br\/blog\/wp-json\/wp\/v2\/comments?post=5397"}],"version-history":[{"count":3,"href":"https:\/\/www.rotaexata.com.br\/blog\/wp-json\/wp\/v2\/posts\/5397\/revisions"}],"predecessor-version":[{"id":5405,"href":"https:\/\/www.rotaexata.com.br\/blog\/wp-json\/wp\/v2\/posts\/5397\/revisions\/5405"}],"wp:featuredmedia":[{"embeddable":true,"href":"https:\/\/www.rotaexata.com.br\/blog\/wp-json\/wp\/v2\/media\/5403"}],"wp:attachment":[{"href":"https:\/\/www.rotaexata.com.br\/blog\/wp-json\/wp\/v2\/media?parent=5397"}],"wp:term":[{"taxonomy":"category","embeddable":true,"href":"https:\/\/www.rotaexata.com.br\/blog\/wp-json\/wp\/v2\/categories?post=5397"},{"taxonomy":"post_tag","embeddable":true,"href":"https:\/\/www.rotaexata.com.br\/blog\/wp-json\/wp\/v2\/tags?post=5397"}],"curies":[{"name":"wp","href":"https:\/\/api.w.org\/{rel}","templated":true}]}}