{"id":3560,"date":"2021-09-10T12:55:43","date_gmt":"2021-09-10T15:55:43","guid":{"rendered":"https:\/\/www.rotaexata.com.br\/blog\/?p=3560"},"modified":"2025-01-09T14:24:37","modified_gmt":"2025-01-09T17:24:37","slug":"acidente-com-veiculo-da-empresa","status":"publish","type":"post","link":"https:\/\/www.rotaexata.com.br\/blog\/acidente-com-veiculo-da-empresa\/","title":{"rendered":"Acidente com ve\u00edculo da empresa: o que fazer?"},"content":{"rendered":"<div style=\"min-height: 30px;display: inline-block;\"><input id=\"3560\" style=\"margin: auto;max-width: 50px;\" src=\"https:\/\/www.rotaexata.com.br\/blog\/wp-content\/plugins\/wp-advanced-pdf\/asset\/images\/pdf.png\" alt=\"#TB_inline?height=230&amp;width=400&amp;inlineId=examplePopup1\" title=\"Export pdf to your Email\" class=\"thickbox export-pdf\" type=\"image\" value=\"Export to PDF\" \/><\/div><h3 style=\"text-align: justify;\">\u00cdNDICE<\/h3>\n<h6>&nbsp;<\/h6>\n<ol style=\"text-align: justify;\">\n<li><a href=\"#1\" data-type=\"internal\" data-id=\"#1\">O que fazer no momento do acidente com ve\u00edculo da empresa?<\/a><\/li>\n<li><a href=\"#2\" data-type=\"internal\" data-id=\"#2\">4 principais causas de acidente com ve\u00edculo da empresa<\/a><\/li>\n<li><a href=\"#3\" data-type=\"internal\" data-id=\"#3\">De quem \u00e9 a responsabilidade pelo acidente com ve\u00edculo da empresa?&nbsp;<\/a><\/li>\n<li><a href=\"#4\" data-type=\"internal\" data-id=\"#4\">Posso cobrar o funcion\u00e1rio pelo acidente com ve\u00edculo da empresa?<\/a><\/li>\n<li><a href=\"#5\" data-type=\"internal\" data-id=\"#5\">Quais as consequ\u00eancias de um acidente com ve\u00edculo da empresa?<\/a><\/li>\n<li><a href=\"#6\" data-type=\"internal\" data-id=\"#6\">Acidente com ve\u00edculo da empresa: evite que isso aconte\u00e7a!<\/a><\/li>\n<\/ol>\n<p style=\"text-align: justify;\"><strong>Aconteceu um acidente com ve\u00edculo da empresa, e agora? <\/strong>Esta \u00e9 uma situa\u00e7\u00e3o mais comum do que se imagina. Mesmo assim, ainda gera muitas d\u00favidas a respeito do que fazer caso aconte\u00e7a.<\/p>\n<p><\/p>\n<p style=\"text-align: justify;\">O ideal \u00e9 que o gestor log\u00edstico encontre uma maneira de evitar que ocorra um acidente com ve\u00edculo da empresa. Al\u00e9m de atrasar suas opera\u00e7\u00f5es e gerar gastos, essa falta de controle da sua frota coloca em risco a vida do seu motorista \u2014 e todos que est\u00e3o \u00e0 sua volta.<\/p>\n<p><\/p>\n<p style=\"text-align: justify;\">Infelizmente, n\u00e3o d\u00e1 para adivinhar qual colaborador dirige ofensiva ou defensivamente. Por\u00e9m, existem formas de acompanhar mais de perto o comportamento dos funcion\u00e1rios e identificar quem est\u00e1 mais propenso a se envolver em acidentes e, assim, realizar a\u00e7\u00f5es preventivas.<\/p>\n<p><\/p>\n<p style=\"text-align: justify;\">Nesse artigo, conhe\u00e7a as causas e consequ\u00eancias relacionadas a um acidente com ve\u00edculo da empresa. Al\u00e9m disso, descubra o que fazer na hora do acidente com ve\u00edculo da empresa e quais s\u00e3o as responsabilidades de ambas as partes; tanto do condutor, quanto da empresa. Boa leitura!<\/p>\n<p><\/p>\n<h1 id=\"1\" style=\"text-align: justify;\">O que fazer no momento do acidente com ve\u00edculo da empresa?<\/h1>\n<p><\/p>\n\n\n<\/p>\r\n<figure class=\"wp-block-image size-large\" style=\"text-align: justify;\"><img loading=\"lazy\" width=\"700\" height=\"294\" class=\"wp-image-3562\" src=\"https:\/\/www.rotaexata.com.br\/blog\/wp-content\/uploads\/2021\/09\/acidente-empresa-carro-700x294.png\" alt=\"\" srcset=\"https:\/\/www.rotaexata.com.br\/blog\/wp-content\/uploads\/2021\/09\/acidente-empresa-carro-700x294.png 700w, https:\/\/www.rotaexata.com.br\/blog\/wp-content\/uploads\/2021\/09\/acidente-empresa-carro-250x105.png 250w, https:\/\/www.rotaexata.com.br\/blog\/wp-content\/uploads\/2021\/09\/acidente-empresa-carro-768x323.png 768w, https:\/\/www.rotaexata.com.br\/blog\/wp-content\/uploads\/2021\/09\/acidente-empresa-carro-120x50.png 120w, https:\/\/www.rotaexata.com.br\/blog\/wp-content\/uploads\/2021\/09\/acidente-empresa-carro.png 952w\" sizes=\"(max-width: 700px) 100vw, 700px\" \/><\/figure>\r\n<p>\n\n\n<p style=\"text-align: justify;\">Quando ocorrer um acidente com ve\u00edculo da empresa \u2014 seja em hor\u00e1rio de trabalho ou n\u00e3o \u2014 e voc\u00ea tomar ci\u00eancia da situa\u00e7\u00e3o, saiba que existem alguns procedimentos <strong>obrigat\u00f3rios por lei<\/strong> que devem ser adotados. Veja a seguir:\u00a0<\/p>\n<p>\u00a0<\/p>\n<h2 style=\"text-align: justify;\">1. Retire o ve\u00edculo da via\u00a0<\/h2>\n<p>\u00a0<\/p>\n<p style=\"text-align: justify;\">Quando se envolvem em acidentes, muitos motoristas deixam seus ve\u00edculos no meio da rua, interrompendo o fluxo do tr\u00e2nsito. \u00c9 muito comum ficarem fora do ve\u00edculo avaliando os danos, discutindo a culpa e a forma de repara\u00e7\u00e3o dos danos.<\/p>\n<p>\u00a0<\/p>\n<p style=\"text-align: justify;\">Outros, chegam a pensar que n\u00e3o podem retirar o ve\u00edculo do local e tentam manter as \u201cprovas\u201d do acidente intactas. Por\u00e9m, isso n\u00e3o \u00e9 recomendado pela legisla\u00e7\u00e3o, pois atrapalha o tr\u00e2nsito e coloca a vida dos mesmo em risco.<\/p>\n<p>\u00a0<\/p>\n<p style=\"text-align: justify;\">Em grandes cidades, essa conduta pode gerar grandes transtornos, como engarrafamento, impedimento da locomo\u00e7\u00e3o de ve\u00edculos de socorro pela via e atrasos das pessoas que precisam chegar em compromissos importantes.<\/p>\n<p>\u00a0<\/p>\n<p style=\"text-align: justify;\">Portanto, se n\u00e3o houve v\u00edtimas e existe a possibilidade de conduzir o ve\u00edculo da empresa para fora da via, ent\u00e3o pe\u00e7a para seu colaborador fazer isso. Trata-se de uma obriga\u00e7\u00e3o legal por previs\u00e3o do <a href=\"https:\/\/www.rotaexata.com.br\/blog\/atraso-de-funcionarios-o-que-fazer\/\">artigo 178 do C\u00f3digo de tr\u00e2nsito brasileiro<\/a>.<\/p>\n<p>\u00a0<\/p>\n<h2 style=\"text-align: justify;\">2. Sinalize\u00a0<\/h2>\n<p>\u00a0<\/p>\n<p style=\"text-align: justify;\">Se o carro sofreu danos a ponto de ter que ser empurrado, mas a via \u00e9 muito movimentada e n\u00e3o \u00e9 poss\u00edvel retir\u00e1-lo com seguran\u00e7a, diga para seu colaborador sair do local. O melhor \u00e9 esperar o guincho e sinalizar.\u00a0<\/p>\n<p>\u00a0<\/p>\n<p style=\"text-align: justify;\">O recomendado \u00e9 andar alguns metros pelo acostamento ou cal\u00e7ada e posicionar o tri\u00e2ngulo de sinaliza\u00e7\u00e3o. Segundo resolu\u00e7\u00e3o do <a href=\"https:\/\/www.gov.br\/prf\/pt-br\/concurso-2021\/resolucoes\/R36-98\">Contran<\/a>, a dist\u00e2ncia m\u00ednima para posicionar o acess\u00f3rio \u00e9 de 30 metros da traseira do ve\u00edculo.<\/p>\n<p>\u00a0<\/p>\n<p style=\"text-align: justify;\">O tri\u00e2ngulo deve ser colocado na faixa onde ocorreu o acidente com ve\u00edculo da empresa \u2014 ou seja, seguindo a linha de onde est\u00e1 o autom\u00f3vel.\u00a0\u00a0<\/p>\n<p>\u00a0<\/p>\n<p style=\"text-align: justify;\">Vale ressaltar que 30 metros \u00e9 a dist\u00e2ncia m\u00ednima. Especialistas recomendam colocar a sinaliza\u00e7\u00e3o na dist\u00e2ncia de <strong>um metro para cada quil\u00f4metro do limite m\u00e1ximo de velocidade<\/strong>.\u00a0<\/p>\n<p>\u00a0<\/p>\n<p style=\"text-align: justify;\">Se a via \u00e9 de 70km\/h, por exemplo, \u00e9 recomendado posicionar a sinaliza\u00e7\u00e3o a 70 metros de dist\u00e2ncia. Se houver neblina, esse espa\u00e7o deve ser dobrado. Se poss\u00edvel, utilize galhos e outros objetos para ajudar na sinaliza\u00e7\u00e3o.\u00a0\u00a0<\/p>\n<p>\u00a0<\/p>\n<h2 style=\"text-align: justify;\">3. Chame as autoridades locais<\/h2>\n<p>\u00a0<\/p>\n<p style=\"text-align: justify;\">Obviamente, \u00e9 preciso chamar as autoridades locais. Principalmente em <strong>acidentes com v\u00edtima<\/strong>. Inclusive, \u00e9 obrigat\u00f3rio por lei prestar socorro aos feridos. O melhor a se fazer \u00e9 chamar os bombeiros (191) ou a pol\u00edcia (190).<\/p>\n<p>\u00a0<\/p>\n<p style=\"text-align: justify;\">Fique esperto! \u00c9 importante ter esses processos claros e orientados aos motoristas, pois, como voc\u00ea ver\u00e1 mais para frente, \u00e9 o seu neg\u00f3cio que responde judicialmente por acidentes causados com ve\u00edculo da empresa.<\/p>\n<p>\u00a0<\/p>\n<h1 id=\"2\" style=\"text-align: justify;\">4 principais causas de acidente com ve\u00edculo da empresa<\/h1>\n<p>\u00a0<\/p>\n<p style=\"text-align: justify;\">De acordo com os dados levantados nos \u00faltimos anos pelo Atlas de Acidentalidade do Transporte Brasileiro, os dois motivos mais recorrentes para acidentes s\u00e3o:<strong> falta de aten\u00e7\u00e3o <\/strong>e<strong> dire\u00e7\u00e3o ofensiva<\/strong>, mais especificamente alta velocidade.<\/p>\n<p>\u00a0<\/p>\n<p style=\"text-align: justify;\">Grande parte dos acidentes acontecem por conta de alguma a\u00e7\u00e3o humana. A seguir, conhe\u00e7a as <strong>4 principais causas de acidentes com ve\u00edculo da empresa<\/strong>:<\/p>\n<p>\u00a0<\/p>\n<ol style=\"text-align: justify;\">\n<li>\n<h4>Velocidade exacerbada com ve\u00edculo da empresa<\/h4>\n<\/li>\n<\/ol>\n<p style=\"text-align: justify;\">De acordo com a <a href=\"https:\/\/www.unifor.br\/web\/osv\/pesquisas-apontam-velocidade-como-principal-causa-de-mortes-no-transito-em-todo-o-mundo#:~:text=todo%20o%20mundo-,Pesquisas%20apontam%20velocidade%20como%20principal%20causa%20de,tr%C3%A2nsito%20em%20todo%20o%20mundo&amp;text=Ultrapassar%20o%20limite%20de%20velocidade,causas%20de%20acidentes%20do%20mundo.\">Organiza\u00e7\u00e3o Mundial da Sa\u00fade (OMS)<\/a>, a alta velocidade \u00e9 um dos principais fatores para a ocorr\u00eancia de acidentes de tr\u00e2nsito em todo o globo.<\/p>\n<p>\u00a0<\/p>\n<p style=\"text-align: justify;\">Acidentes motivados pela <strong>velocidade exacerbada<\/strong> \u00e9 a <strong>principal causa de morte de pessoas entre 5 e 30 anos.<\/strong> De diversas formas, essa pr\u00e1tica tem trazido danos que afetam toda a sociedade.<\/p>\n<p>\u00a0<\/p>\n<p style=\"text-align: justify;\">Normalmente, o desrespeito ao limite de velocidade acontece por conta de uma m\u00e1 conduta do motorista. Ao realizar seus trajetos em maior velocidade para n\u00e3o se atrasar, sobra tempo livre para ficar ocioso tomando caf\u00e9, batendo papo ou dormindo.<\/p>\n<p>\u00a0<\/p>\n<p style=\"text-align: justify;\">Outro motivo pode ser o uso do ve\u00edculo da empresa para uso pessoal. Sem o devido monitoramento, o motorista vai at\u00e9 onde quiser na velocidade que ele quiser, realizando trajetos sem o conhecimento do gestor. Ele pode estar correndo com o ve\u00edculo da empresa para ter tempo de fazer compras no mercado, por exemplo.<\/p>\n<p>\u00a0<\/p>\n<p style=\"text-align: justify;\">\u00c9 importante ressaltar que a alta velocidade pode resultar acidentes a longo prazo. Segundo o <a href=\"https:\/\/www.portaldotransito.com.br\/noticias\/fatores-que-prejudicam-o-sistema-de-suspensao-e-estabilidade-do-veiculo-2\/\">Portal do Tr\u00e2nsito<\/a>, a velocidade exacerbada \u00e9 um dos principais fatores que geram problemas na suspens\u00e3o, componente essencial para a seguran\u00e7a dos autom\u00f3veis.<\/p>\n<p>\u00a0<\/p>\n<ol style=\"text-align: justify;\" start=\"2\">\n<li>\n<h4><strong>M\u00e1 conserva\u00e7\u00e3o do ve\u00edculo da empresa<\/strong><\/h4>\n<\/li>\n<\/ol>\n<p style=\"text-align: justify;\">Outra causa que pode gerar um acidente com ve\u00edculo da empresa \u00e9 a m\u00e1 conserva\u00e7\u00e3o dos autom\u00f3veis. Esses danos ao ve\u00edculo da empresa muitas vezes acontecem por conta da conduta do colaborador, mas eles tamb\u00e9m podem ser culpa de uma gest\u00e3o ruim.<\/p>\n<p>\u00a0<\/p>\n<p style=\"text-align: justify;\">O colaborador pode ser um bom condutor e respeitar as regras de tr\u00e2nsito, mas ainda assim existem sinais de m\u00e1 conserva\u00e7\u00e3o. Isso acontece porque faltam revis\u00f5es e <a href=\"https:\/\/www.rotaexata.com.br\/blog\/manutencao-preventiva\/\">manuten\u00e7\u00f5es preventivas<\/a> peri\u00f3dicas; tornando maior a chance de acontecer um acidente com ve\u00edculo da empresa.<\/p>\n<p>\u00a0<\/p>\n<p style=\"text-align: justify;\">Segundo o Instituto Scaringella Tr\u00e2nsito, <strong>30% dos acidentes s\u00e3o causados pela falta de manuten\u00e7\u00e3o dos ve\u00edculos<\/strong>, que est\u00e3o em um estado suscet\u00edvel a problemas mec\u00e2nicos enquanto o ve\u00edculo est\u00e1 transitando.<\/p>\n<p>\u00a0<\/p>\n<p style=\"text-align: justify;\">Nesse cen\u00e1rio, cabe ao gestor da frota fornecer manuten\u00e7\u00f5es preventivas para os ve\u00edculos da empresa. Crie um planejamento de dias espec\u00edficos para os ve\u00edculos serem levados para a oficina e quais s\u00e3o as pe\u00e7as que ser\u00e3o revisadas.<\/p>\n<p>\u00a0<\/p>\n\n\n<\/p>\r\n<p style=\"text-align: justify;\">Al\u00e9m de acabar com gastos desnecess\u00e1rios, esse tipo de manuten\u00e7\u00e3o evita que aconte\u00e7a um acidente com ve\u00edculo da empresa. <a href=\"https:\/\/www.rotaexata.com.br\/blog\/atraso-de-funcionarios-o-que-fazer\/\" target=\"_blank\" rel=\"noopener\"><strong>Clique aqui<\/strong><\/a> e baixe gratuitamente o Checklist de Manuten\u00e7\u00e3o desenvolvido pela RotaExata.<\/p>\r\n<p>\n\n\n\n<\/p>\r\n<ol style=\"text-align: justify;\" start=\"3\">\r\n<li>\r\n<h4>M\u00e1 conduta com ve\u00edculo da empresa<\/h4>\r\n<\/li>\r\n<\/ol>\r\n<p>\n\n\n\n<\/p>\r\n<p style=\"text-align: justify;\">Sua empresa tem recebido muitas multas por infra\u00e7\u00e3o de tr\u00e2nsito? Fique atento aos sinais que apontam para uma m\u00e1 conduta por parte dos seus motoristas, pois isso \u00e9 a causa de muitos acidentes e, consequentemente, gastos que podem ser evitados.<\/p>\r\n<p>\n\n\n\n<\/p>\r\n<p style=\"text-align: justify;\">Se a conduta de seus colaboradores for marcada por atitudes como: infra\u00e7\u00f5es no tr\u00e2nsito, desrespeito ao limite de velocidade, acelera\u00e7\u00f5es e freadas bruscas e parada em locais perigosos, as chances de acontecer um acidente s\u00e3o muito altas; sem contar com o ac\u00famulo de multas.<\/p>\r\n<p>\n\n\n\n<\/p>\r\n<p style=\"text-align: justify;\">Essa m\u00e1 conduta \u00e9 reflexo da aus\u00eancia de um controle maior por parte das lideran\u00e7as da empresa. Se as opera\u00e7\u00f5es em campo n\u00e3o s\u00e3o devidamente planejadas e organizadas, n\u00e3o espere uma boa condu\u00e7\u00e3o de seus colaboradores.<\/p>\r\n<p>\n\n\n\n<\/p>\r\n<p style=\"text-align: justify;\">Voc\u00ea aplica uma <a href=\"https:\/\/www.rotaexata.com.br\/blog\/politica-de-frota\/\">pol\u00edtica de frotas<\/a> na pr\u00e1tica? Com normas e padr\u00f5es de conduta? Se a resposta \u00e9 n\u00e3o, pois saiba que isso influencia diretamente na produtividade das suas opera\u00e7\u00f5es.<\/p>\r\n<p>\n\n\n\n<\/p>\r\n<p style=\"text-align: justify;\">E treinamentos? Est\u00e3o sendo aplicados para que o motorista ao menos saiba que ele precisa, por exemplo, ter uma dire\u00e7\u00e3o defensiva? Uma lideran\u00e7a omissa e sem controle da sua frota veicular tende a ter cada vez mais problemas.<\/p>\r\n<p>\n\n\n\n<\/p>\r\n<p style=\"text-align: justify;\">Sem o acesso \u00e0s informa\u00e7\u00f5es como a velocidade, os lugares frequentados e as paradas, por exemplo, n\u00e3o h\u00e1 como identificar problemas, para posteriormente melhor\u00e1-los. Sua gest\u00e3o vai se tornar uma bola de neve, com preju\u00edzos cada vez maiores e mais dif\u00edceis de serem resolvidos.<\/p>\r\n<p>\n\n\n\n<\/p>\r\n<ol style=\"text-align: justify;\" start=\"4\">\r\n<li>\r\n<h4>M\u00e1 distribui\u00e7\u00e3o dos atendimentos<\/h4>\r\n<\/li>\r\n<\/ol>\r\n<p>\n\n\n\n<\/p>\r\n<p style=\"text-align: justify;\">Se a distribui\u00e7\u00e3o dos pontos de atendimento for montada sem o aux\u00edlio de uma ferramenta que cria a melhor rota para os motoristas, seus pontos de atendimento podem ficar dispersos um dos outros em rela\u00e7\u00e3o aos hor\u00e1rios.\u00a0<\/p>\r\n<p>\n\n\n\n<\/p>\r\n<p style=\"text-align: justify;\">Isso faz com que seus motoristas tenham que correr com o ve\u00edculo da empresa para atender o hor\u00e1rio de cada cliente. \u00c9 responsabilidade do gestor evitar que essa m\u00e1 organiza\u00e7\u00e3o de rota aconte\u00e7a.<\/p>\r\n<p>\n\n\n\n<\/p>\r\n<h1 id=\"3\" style=\"text-align: justify;\">De quem \u00e9 a responsabilidade pelo acidente com ve\u00edculo da empresa?\u00a0<\/h1>\r\n<p>\n\n\n\n<\/p>\r\n<p style=\"text-align: justify;\">Se voc\u00ea tem um ve\u00edculo ou dez ve\u00edculos, isso n\u00e3o importa. Um autom\u00f3vel em nome da empresa j\u00e1 configura como frota empresarial. Logo, voc\u00ea possui responsabilidade sobre tudo que tem rela\u00e7\u00e3o com o ve\u00edculo da empresa; inclusive acidentes.<\/p>\r\n<p>\n\n\n\n<\/p>\r\n<p style=\"text-align: justify;\">A empresa propriet\u00e1ria responde culposamente pelos danos causados a terceiros e tem o dever de, por exemplo, indenizar as pessoas que foram acometidas pelo acidente se houver:<\/p>\r\n<p>\n\n\n\n<\/p>\r\n<ul style=\"text-align: justify;\">\r\n<li>Comprova\u00e7\u00e3o da rela\u00e7\u00e3o entre o dano e o motorista que causou o acidente;<\/li>\r\n<li>Evid\u00eancia de um dano a terceiro, que pode ser material ou moral;<\/li>\r\n<li>Presen\u00e7a de a\u00e7\u00e3o intencional ou imprud\u00eancia no tr\u00e2nsito.<\/li>\r\n<\/ul>\r\n<p>\n\n\n\n<\/p>\r\n<p style=\"text-align: justify;\">Claro, pode ser que seu colaborador estivesse na raz\u00e3o; pode at\u00e9 mesmo provar a inoc\u00eancia dele. Por\u00e9m, todo o processo jur\u00eddico-burocr\u00e1tico at\u00e9 que isso aconte\u00e7a \u00e9 extremamente lento e contra produtivo.\u00a0<\/p>\r\n<p>\n\n\n\n<\/p>\r\n<p style=\"text-align: justify;\">Qual era a velocidade do ve\u00edculo da empresa naquele ponto? Houve uma freada brusca? Algum ind\u00edcio de dire\u00e7\u00e3o ofensiva? Se voc\u00ea tivesse acesso a essas informa\u00e7\u00f5es de maneira r\u00e1pida esse problema seria resolvido com uma agilidade muito maior. Pense nisso\u2026<\/p>\r\n<p>\n\n\n\n<\/p>\r\n<h1 id=\"4\" style=\"text-align: justify;\">Posso cobrar o funcion\u00e1rio pelo acidente com ve\u00edculo da empresa?<\/h1>\r\n<p>\n\n\n\n<\/p>\r\n<p style=\"text-align: justify;\">A resposta \u00e9 simples: caso voc\u00ea tenha provas claras de que houve a\u00e7\u00e3o intencional ou dire\u00e7\u00e3o ofensiva, ent\u00e3o sim. A an\u00e1lise dos fatos e provas colhidas do acidente com ve\u00edculo da empresa que ir\u00e1 definir isso.<\/p>\r\n<p>\n\n\n\n<\/p>\r\n<p style=\"text-align: justify;\">Todavia, n\u00e3o podemos deixar de lembrar que deve ser garantido ao empregado o direito de defesa para todos os casos em que a empresa almeja realizar desconto salarial em raz\u00e3o do dano.<\/p>\r\n<p>\n\n\n\n<\/p>\r\n<p style=\"text-align: justify;\">Por isso, \u00e9 fundamental que voc\u00ea tenha uma forma de <a href=\"https:\/\/www.rotaexata.com.br\/blog\/uso-pessoal-do-veiculo-da-empresa\/\">controlar sua frota veicular<\/a>, incluindo um meio de possuir provas robustas sobre a conduta do funcion\u00e1rio com o ve\u00edculo da empresa. Mais para frente, mostraremos uma solu\u00e7\u00e3o tecnol\u00f3gica que vai te ajudar nesse sentido.<\/p>\r\n<p>\n\n\n\n<\/p>\r\n<h1 id=\"5\" style=\"text-align: justify;\">Quais as consequ\u00eancias de um acidente com ve\u00edculo da empresa?<\/h1>\r\n<p>\n\n\n\n<\/p>\r\n<p style=\"text-align: justify;\">O fato \u00e9 que a falta de controle das suas opera\u00e7\u00f5es em campo podem gerar um acidente com ve\u00edculo da empresa.<\/p>\r\n<p>\n\n\n\n<\/p>\r\n<p style=\"text-align: justify;\">As consequ\u00eancias disso s\u00e3o p\u00e9ssimas: despesas com manuten\u00e7\u00f5es corretivas, redu\u00e7\u00e3o no rendimento da frota, preju\u00edzo financeiro por conta das multas e quest\u00f5es judiciais, danos \u00e0 imagem da empresa e perda de controle das opera\u00e7\u00f5es em campo.<\/p>\r\n<p>\n\n\n\n<\/p>\r\n<p style=\"text-align: justify;\">Confira as principais consequ\u00eancias de um acidente com ve\u00edculo da empresa e reflita se alguma delas est\u00e1 sendo praticada no seu neg\u00f3cio:<\/p>\r\n<p>\n\n\n\n<\/p>\r\n<h2 style=\"text-align: justify;\">Despesas com manuten\u00e7\u00f5es corretivas<\/h2>\r\n<p>\n\n\n\n<\/p>\r\n<p style=\"text-align: justify;\">Um acidente com ve\u00edculo da empresa gera preju\u00edzos financeiros em diversos \u00e2mbitos, mas principalmente na manuten\u00e7\u00e3o, tanto do seu autom\u00f3vel quanto de todos os outros envolvidos no acidente.<\/p>\r\n<p>\n\n\n\n<\/p>\r\n<p style=\"text-align: justify;\">Os gastos com manuten\u00e7\u00f5es corretivas s\u00e3o altos e ir\u00e3o sair do caixa da sua empresa. Dessa forma, a sua economia pode ser prejudicada devido a falta de controle sob a sua frota veicular.<\/p>\r\n<p>\n\n\n\n<\/p>\r\n<h2 style=\"text-align: justify;\">Redu\u00e7\u00e3o no rendimento da frota<\/h2>\r\n<p>\n\n\n\n<\/p>\r\n<p style=\"text-align: justify;\">Outra consequ\u00eancia causada por acidente com ve\u00edculo da empresa \u00e9 a redu\u00e7\u00e3o no rendimento da frota que passa a ter menos ve\u00edculos a disposi\u00e7\u00e3o no dia-a-dia, gerando, por exemplo, menos entregas do que poderiam ser feitas antes.<\/p>\r\n<p>\n\n\n\n<\/p>\r\n<p style=\"text-align: justify;\">No caso de acidente grave, o retorno do colaborador tamb\u00e9m ir\u00e1 demorar, o que atrasa ainda mais o dia a dia das opera\u00e7\u00f5es.<\/p>\r\n<p>\n\n\n\n<\/p>\r\n<h2 style=\"text-align: justify;\">Preju\u00edzo financeiro por conta das multas e quest\u00f5es judiciais<\/h2>\r\n<p>\n\n\n\n<\/p>\r\n<p style=\"text-align: justify;\">Leve em considera\u00e7\u00e3o toda a burocracia envolvida no processo ap\u00f3s o acidente com ve\u00edculo da empresa.\u00a0<\/p>\r\n<p>\n\n\n\n<\/p>\r\n<p style=\"text-align: justify;\">Al\u00e9m de gastos com multas, t\u00eam o estresse que situa\u00e7\u00f5es como essa geram. Ao inv\u00e9s de voc\u00ea usar seu tempo de maneira produtiva, ter\u00e1 que resolver problemas judiciais.<\/p>\r\n<p>\n\n\n\n<\/p>\r\n<p style=\"text-align: justify;\">Caso sua frota trabalhe com entregas, existem preju\u00edzos ligados a danos \u00e0s mercadorias ou at\u00e9 a perda total. Todas as despesas relacionadas a avarias v\u00e3o ter que ser pagas pela sua empresa.<\/p>\r\n<p>\n\n\n\n<\/p>\r\n<h2 style=\"text-align: justify;\">Danos \u00e0 imagem da empresa<\/h2>\r\n<p>\n\n\n\n<\/p>\r\n<p style=\"text-align: justify;\">Acidentes com um ve\u00edculo da empresa podem resultar em preju\u00edzos \u00e0 forma que as pessoas enxergam sua marca, ainda mais quando s\u00e3o <a href=\"https:\/\/www.rotaexata.com.br\/blog\/plotar-os-veiculos\/\">ve\u00edculos plotados<\/a>. Uma poss\u00edvel desconfian\u00e7a por parte de potenciais clientes ou at\u00e9 mesmo a perda da fideliza\u00e7\u00e3o da clientela se torna realidade.<\/p>\r\n<p>\n\n\n\n<\/p>\r\n<p style=\"text-align: justify;\">No caso de processos judiciais, essa consequ\u00eancia pode ser ainda pior, j\u00e1 que a sua marca ficar\u00e1 com o nome manchado na justi\u00e7a. Para prevenir isso, determine normas espec\u00edficas para os seus colaboradores.<\/p>\r\n<p>\n\n\n\n<\/p>\r\n<p style=\"text-align: justify;\">Pensando nisso, foi desenvolvido um termo de responsabilidade para a utiliza\u00e7\u00e3o do ve\u00edculo da empresa. <a href=\"https:\/\/www.rotaexata.com.br\/blog\/termo-de-responsabilidade\/\">Clique aqui<\/a> e baixe gratuitamente!<\/p>\r\n<p>\n\n\n\n<\/p>\r\n<h1 id=\"6\" style=\"text-align: justify;\">Acidente com ve\u00edculo da empresa: evite que isso aconte\u00e7a!<\/h1>\r\n<p>\n\n\n\n<\/p>\r\n<figure class=\"wp-block-image size-large\" style=\"text-align: justify;\"><img loading=\"lazy\" width=\"700\" height=\"294\" class=\"wp-image-3563\" src=\"https:\/\/www.rotaexata.com.br\/blog\/wp-content\/uploads\/2021\/09\/rastreamento-veicular-700x294.png\" alt=\"\" srcset=\"https:\/\/www.rotaexata.com.br\/blog\/wp-content\/uploads\/2021\/09\/rastreamento-veicular-700x294.png 700w, https:\/\/www.rotaexata.com.br\/blog\/wp-content\/uploads\/2021\/09\/rastreamento-veicular-250x105.png 250w, https:\/\/www.rotaexata.com.br\/blog\/wp-content\/uploads\/2021\/09\/rastreamento-veicular-768x323.png 768w, https:\/\/www.rotaexata.com.br\/blog\/wp-content\/uploads\/2021\/09\/rastreamento-veicular-120x50.png 120w, https:\/\/www.rotaexata.com.br\/blog\/wp-content\/uploads\/2021\/09\/rastreamento-veicular.png 952w\" sizes=\"(max-width: 700px) 100vw, 700px\" \/><\/figure>\r\n<p>\n\n\n\n<\/p>\r\n<p style=\"text-align: justify;\">Se a sua empresa n\u00e3o sabe quais s\u00e3o as atitudes dos colaboradores durante as opera\u00e7\u00f5es em campo, uma hora ou outra as consequ\u00eancias ir\u00e3o surgir.<\/p>\r\n<p>\n\n\n\n<\/p>\r\n<p style=\"text-align: justify;\">Para evitar que aconte\u00e7a um acidente com ve\u00edculo da empresa, \u00e9 necess\u00e1rio que seja realizado o <strong>rastreamento veicular<\/strong> da sua frota. Com essa solu\u00e7\u00e3o voc\u00ea tem acesso a todos os dados que precisa para exercer controle, tais como:<\/p>\r\n<p>\n\n\n\n<\/p>\r\n<ul style=\"text-align: justify;\">\r\n<li>Dados de localiza\u00e7\u00e3o dos ve\u00edculos;<\/li>\r\n<li>Identifica\u00e7\u00e3o do motorista;<\/li>\r\n<li>Itiner\u00e1rios em andamento (em tempo real);<\/li>\r\n<li>Destinos e clientes a serem visitados;<\/li>\r\n<li>Velocidade m\u00e1xima, m\u00ednima e m\u00e9dia;<\/li>\r\n<li>Eventos de telemetria (acelera\u00e7\u00f5es, curvas e freadas bruscas);<\/li>\r\n<li>Paradas efetuadas;<\/li>\r\n<li>Hist\u00f3rico de rotas.<\/li>\r\n<\/ul>\r\n<p>\n\n\n\n<\/p>\r\n<p style=\"text-align: justify;\">Tendo acesso a essas informa\u00e7\u00f5es, voc\u00ea tem um controle maior sob sua frota veicular. Tamb\u00e9m pode identificar as a\u00e7\u00f5es dos colaboradores que podem levar a um poss\u00edvel acidente com ve\u00edculo da empresa e promover a reeduca\u00e7\u00e3o de seus motoristas, agindo de maneira <strong>preventiva<\/strong>.<\/p>\r\n<p>\n\n\n\n<\/p>\r\n<p style=\"text-align: justify;\">A solu\u00e7\u00e3o de<strong> <a href=\"https:\/\/www.rotaexata.com.br\/rastreamento-veicular\">Rastreamento Veicular da RotaExata<\/a><\/strong> tamb\u00e9m oferece a possibilidade de voc\u00ea criar regras de rastreamento, facilitando o gerenciamento da sua frota e refor\u00e7ando os cuidados relacionados \u00e0 preven\u00e7\u00e3o de acidentes. Elas podem ser:\u00a0<\/p>\r\n<p>\n\n\n\n<\/p>\r\n<ul style=\"text-align: justify;\">\r\n<li>Limite de velocidade;<\/li>\r\n<li>Hor\u00e1rio permitido para realizar deslocamentos;<\/li>\r\n<li>Locais proibidos e permitidos (cercas virtuais).<\/li>\r\n<\/ul>\r\n<p>\n\n\n\n<\/p>\r\n<p style=\"text-align: justify;\">Essas regras s\u00e3o flex\u00edveis \u00e0 realidade da sua empresa e quando criadas, passam a ser verificadas pelo pr\u00f3prio sistema. No caso de quebra das regras, voc\u00ea \u00e9 notificado na hora!<\/p>\r\n<p>\n\n\n\n<\/p>\r\n<p style=\"text-align: justify;\">Al\u00e9m de fornecermos o melhor rastreamento veicular do mercado, com capta\u00e7\u00e3o de dados em tempo real permitindo visualizar com clareza todo o trajeto e eventos de telemetria. Al\u00e9m disso, nossos rastreadores s\u00e3o <strong>homologados pela Anatel.<\/strong>\u00a0<\/p>\r\n<p>\n\n\n\n<\/p>\r\n<p style=\"text-align: justify;\">Isso significa que todas as informa\u00e7\u00f5es que mencionamos s\u00e3o 100% verdadeiras e podem ser usadas como prova caso aconte\u00e7a um acidente com ve\u00edculo da empresa.<\/p>\r\n<p>\n\n\n\n<\/p>\r\n<p class=\"ideia\">Simplifique o monitoramento da sua frota. Evite um acidente com ve\u00edculo da empresa!<br \/><b>Quero ter o controle completo da minha opera\u00e7\u00e3o<br \/><\/b><\/p>\r\n<p>\n\n\n<p><\/p>\n<p>&nbsp;<\/p>","protected":false},"excerpt":{"rendered":"Conhe\u00e7a as causas e consequ\u00eancias de um acidente com ve\u00edculo da empresa","protected":false},"author":16,"featured_media":3561,"comment_status":"open","ping_status":"closed","sticky":false,"template":"","format":"standard","meta":{"_uag_custom_page_level_css":""},"categories":[2,5],"tags":[150,151,152,154,146,155,120,18],"yoast_head":"<!-- This site is optimized with the Yoast SEO plugin v17.9 - https:\/\/yoast.com\/wordpress\/plugins\/seo\/ -->\n<meta name=\"description\" content=\"Conhe\u00e7a as causas e consequ\u00eancias de um acidente com ve\u00edculo da empresa. Tamb\u00e9m saiba o que fazer no momento do acidente com ve\u00edculo da empresa\" \/>\n<meta name=\"robots\" content=\"index, follow, max-snippet:-1, max-image-preview:large, max-video-preview:-1\" \/>\n<link rel=\"canonical\" href=\"https:\/\/www.rotaexata.com.br\/blog\/acidente-com-veiculo-da-empresa\/\" \/>\n<meta property=\"og:locale\" content=\"pt_BR\" \/>\n<meta property=\"og:type\" content=\"article\" \/>\n<meta property=\"og:title\" content=\"O que fazer caso aconte\u00e7a um acidente com ve\u00edculo da empresa?\" \/>\n<meta property=\"og:description\" content=\"Conhe\u00e7a as causas e consequ\u00eancias de um acidente com ve\u00edculo da empresa. Tamb\u00e9m saiba o que fazer no momento do acidente com ve\u00edculo da empresa\" \/>\n<meta property=\"og:url\" content=\"https:\/\/www.rotaexata.com.br\/blog\/acidente-com-veiculo-da-empresa\/\" \/>\n<meta property=\"og:site_name\" content=\"RotaExata - Gest\u00e3o de Frotas e Rastreamento Veicular\" \/>\n<meta property=\"article:publisher\" content=\"https:\/\/www.facebook.com\/rotaexata\/\" \/>\n<meta property=\"article:published_time\" content=\"2021-09-10T15:55:43+00:00\" \/>\n<meta property=\"article:modified_time\" content=\"2025-01-09T17:24:37+00:00\" \/>\n<meta property=\"og:image\" content=\"https:\/\/www.rotaexata.com.br\/blog\/wp-content\/uploads\/2021\/09\/acidente-carro-empresa.png\" \/>\n\t<meta property=\"og:image:width\" content=\"248\" \/>\n\t<meta property=\"og:image:height\" content=\"211\" \/>\n\t<meta property=\"og:image:type\" content=\"image\/png\" \/>\n<meta name=\"twitter:card\" content=\"summary_large_image\" \/>\n<meta name=\"twitter:label1\" content=\"Written by\" \/>\n\t<meta name=\"twitter:data1\" content=\"Eli\" \/>\n\t<meta name=\"twitter:label2\" content=\"Est. reading time\" \/>\n\t<meta name=\"twitter:data2\" content=\"14 minutos\" \/>\n<script type=\"application\/ld+json\" class=\"yoast-schema-graph\">{\"@context\":\"https:\/\/schema.org\",\"@graph\":[{\"@type\":\"WebSite\",\"@id\":\"https:\/\/www.rotaexata.com.br\/blog\/#website\",\"url\":\"https:\/\/www.rotaexata.com.br\/blog\/\",\"name\":\"RotaExata - Gest\\u00e3o de Frotas e Rastreamento Veicular\",\"description\":\"A RotaExata \\u00e9 uma plataforma de Gest\\u00e3o de Frotas atrav\\u00e9s de Rastreamento Veicular\",\"potentialAction\":[{\"@type\":\"SearchAction\",\"target\":{\"@type\":\"EntryPoint\",\"urlTemplate\":\"https:\/\/www.rotaexata.com.br\/blog\/?s={search_term_string}\"},\"query-input\":\"required name=search_term_string\"}],\"inLanguage\":\"pt-BR\"},{\"@type\":\"ImageObject\",\"@id\":\"https:\/\/www.rotaexata.com.br\/blog\/acidente-com-veiculo-da-empresa\/#primaryimage\",\"inLanguage\":\"pt-BR\",\"url\":\"https:\/\/www.rotaexata.com.br\/blog\/wp-content\/uploads\/2021\/09\/acidente-carro-empresa.png\",\"contentUrl\":\"https:\/\/www.rotaexata.com.br\/blog\/wp-content\/uploads\/2021\/09\/acidente-carro-empresa.png\",\"width\":248,\"height\":211,\"caption\":\"Acidente com ve\\u00edculo da empresa: o que fazer?\"},{\"@type\":\"WebPage\",\"@id\":\"https:\/\/www.rotaexata.com.br\/blog\/acidente-com-veiculo-da-empresa\/#webpage\",\"url\":\"https:\/\/www.rotaexata.com.br\/blog\/acidente-com-veiculo-da-empresa\/\",\"name\":\"O que fazer caso aconte\\u00e7a um acidente com ve\\u00edculo da empresa?\",\"isPartOf\":{\"@id\":\"https:\/\/www.rotaexata.com.br\/blog\/#website\"},\"primaryImageOfPage\":{\"@id\":\"https:\/\/www.rotaexata.com.br\/blog\/acidente-com-veiculo-da-empresa\/#primaryimage\"},\"datePublished\":\"2021-09-10T15:55:43+00:00\",\"dateModified\":\"2025-01-09T17:24:37+00:00\",\"author\":{\"@id\":\"https:\/\/www.rotaexata.com.br\/blog\/#\/schema\/person\/05e4f8b0ad78d93b47e88a5ebfbac98b\"},\"description\":\"Conhe\\u00e7a as causas e consequ\\u00eancias de um acidente com ve\\u00edculo da empresa. Tamb\\u00e9m saiba o que fazer no momento do acidente com ve\\u00edculo da empresa\",\"breadcrumb\":{\"@id\":\"https:\/\/www.rotaexata.com.br\/blog\/acidente-com-veiculo-da-empresa\/#breadcrumb\"},\"inLanguage\":\"pt-BR\",\"potentialAction\":[{\"@type\":\"ReadAction\",\"target\":[\"https:\/\/www.rotaexata.com.br\/blog\/acidente-com-veiculo-da-empresa\/\"]}]},{\"@type\":\"BreadcrumbList\",\"@id\":\"https:\/\/www.rotaexata.com.br\/blog\/acidente-com-veiculo-da-empresa\/#breadcrumb\",\"itemListElement\":[{\"@type\":\"ListItem\",\"position\":1,\"name\":\"Home\",\"item\":\"https:\/\/www.rotaexata.com.br\/blog\/\"},{\"@type\":\"ListItem\",\"position\":2,\"name\":\"Acidente com ve\\u00edculo da empresa: o que fazer?\"}]},{\"@type\":\"Person\",\"@id\":\"https:\/\/www.rotaexata.com.br\/blog\/#\/schema\/person\/05e4f8b0ad78d93b47e88a5ebfbac98b\",\"name\":\"Eli\",\"image\":{\"@type\":\"ImageObject\",\"@id\":\"https:\/\/www.rotaexata.com.br\/blog\/#personlogo\",\"inLanguage\":\"pt-BR\",\"url\":\"https:\/\/secure.gravatar.com\/avatar\/5c07175a8f47c4faa9db83fd1ef3d7da?s=96&d=mm&r=g\",\"contentUrl\":\"https:\/\/secure.gravatar.com\/avatar\/5c07175a8f47c4faa9db83fd1ef3d7da?s=96&d=mm&r=g\",\"caption\":\"Eli\"},\"sameAs\":[\"https:\/\/www.rotaexata.com.br\"]}]}<\/script>\n<!-- \/ Yoast SEO plugin. -->","yoast_head_json":{"description":"Conhe\u00e7a as causas e consequ\u00eancias de um acidente com ve\u00edculo da empresa. Tamb\u00e9m saiba o que fazer no momento do acidente com ve\u00edculo da empresa","robots":{"index":"index","follow":"follow","max-snippet":"max-snippet:-1","max-image-preview":"max-image-preview:large","max-video-preview":"max-video-preview:-1"},"canonical":"https:\/\/www.rotaexata.com.br\/blog\/acidente-com-veiculo-da-empresa\/","og_locale":"pt_BR","og_type":"article","og_title":"O que fazer caso aconte\u00e7a um acidente com ve\u00edculo da empresa?","og_description":"Conhe\u00e7a as causas e consequ\u00eancias de um acidente com ve\u00edculo da empresa. Tamb\u00e9m saiba o que fazer no momento do acidente com ve\u00edculo da empresa","og_url":"https:\/\/www.rotaexata.com.br\/blog\/acidente-com-veiculo-da-empresa\/","og_site_name":"RotaExata - Gest\u00e3o de Frotas e Rastreamento Veicular","article_publisher":"https:\/\/www.facebook.com\/rotaexata\/","article_published_time":"2021-09-10T15:55:43+00:00","article_modified_time":"2025-01-09T17:24:37+00:00","og_image":[{"width":248,"height":211,"url":"https:\/\/www.rotaexata.com.br\/blog\/wp-content\/uploads\/2021\/09\/acidente-carro-empresa.png","type":"image\/png"}],"twitter_card":"summary_large_image","twitter_misc":{"Written by":"Eli","Est. reading time":"14 minutos"},"schema":{"@context":"https:\/\/schema.org","@graph":[{"@type":"WebSite","@id":"https:\/\/www.rotaexata.com.br\/blog\/#website","url":"https:\/\/www.rotaexata.com.br\/blog\/","name":"RotaExata - Gest\u00e3o de Frotas e Rastreamento Veicular","description":"A RotaExata \u00e9 uma plataforma de Gest\u00e3o de Frotas atrav\u00e9s de Rastreamento Veicular","potentialAction":[{"@type":"SearchAction","target":{"@type":"EntryPoint","urlTemplate":"https:\/\/www.rotaexata.com.br\/blog\/?s={search_term_string}"},"query-input":"required name=search_term_string"}],"inLanguage":"pt-BR"},{"@type":"ImageObject","@id":"https:\/\/www.rotaexata.com.br\/blog\/acidente-com-veiculo-da-empresa\/#primaryimage","inLanguage":"pt-BR","url":"https:\/\/www.rotaexata.com.br\/blog\/wp-content\/uploads\/2021\/09\/acidente-carro-empresa.png","contentUrl":"https:\/\/www.rotaexata.com.br\/blog\/wp-content\/uploads\/2021\/09\/acidente-carro-empresa.png","width":248,"height":211,"caption":"Acidente com ve\u00edculo da empresa: o que fazer?"},{"@type":"WebPage","@id":"https:\/\/www.rotaexata.com.br\/blog\/acidente-com-veiculo-da-empresa\/#webpage","url":"https:\/\/www.rotaexata.com.br\/blog\/acidente-com-veiculo-da-empresa\/","name":"O que fazer caso aconte\u00e7a um acidente com ve\u00edculo da empresa?","isPartOf":{"@id":"https:\/\/www.rotaexata.com.br\/blog\/#website"},"primaryImageOfPage":{"@id":"https:\/\/www.rotaexata.com.br\/blog\/acidente-com-veiculo-da-empresa\/#primaryimage"},"datePublished":"2021-09-10T15:55:43+00:00","dateModified":"2025-01-09T17:24:37+00:00","author":{"@id":"https:\/\/www.rotaexata.com.br\/blog\/#\/schema\/person\/05e4f8b0ad78d93b47e88a5ebfbac98b"},"description":"Conhe\u00e7a as causas e consequ\u00eancias de um acidente com ve\u00edculo da empresa. Tamb\u00e9m saiba o que fazer no momento do acidente com ve\u00edculo da empresa","breadcrumb":{"@id":"https:\/\/www.rotaexata.com.br\/blog\/acidente-com-veiculo-da-empresa\/#breadcrumb"},"inLanguage":"pt-BR","potentialAction":[{"@type":"ReadAction","target":["https:\/\/www.rotaexata.com.br\/blog\/acidente-com-veiculo-da-empresa\/"]}]},{"@type":"BreadcrumbList","@id":"https:\/\/www.rotaexata.com.br\/blog\/acidente-com-veiculo-da-empresa\/#breadcrumb","itemListElement":[{"@type":"ListItem","position":1,"name":"Home","item":"https:\/\/www.rotaexata.com.br\/blog\/"},{"@type":"ListItem","position":2,"name":"Acidente com ve\u00edculo da empresa: o que fazer?"}]},{"@type":"Person","@id":"https:\/\/www.rotaexata.com.br\/blog\/#\/schema\/person\/05e4f8b0ad78d93b47e88a5ebfbac98b","name":"Eli","image":{"@type":"ImageObject","@id":"https:\/\/www.rotaexata.com.br\/blog\/#personlogo","inLanguage":"pt-BR","url":"https:\/\/secure.gravatar.com\/avatar\/5c07175a8f47c4faa9db83fd1ef3d7da?s=96&d=mm&r=g","contentUrl":"https:\/\/secure.gravatar.com\/avatar\/5c07175a8f47c4faa9db83fd1ef3d7da?s=96&d=mm&r=g","caption":"Eli"},"sameAs":["https:\/\/www.rotaexata.com.br"]}]}},"jetpack_featured_media_url":"https:\/\/www.rotaexata.com.br\/blog\/wp-content\/uploads\/2021\/09\/acidente-carro-empresa.png","uagb_featured_image_src":{"full":["https:\/\/www.rotaexata.com.br\/blog\/wp-content\/uploads\/2021\/09\/acidente-carro-empresa.png",248,211,false],"thumbnail":["https:\/\/www.rotaexata.com.br\/blog\/wp-content\/uploads\/2021\/09\/acidente-carro-empresa-150x150.png",150,150,true],"medium":["https:\/\/www.rotaexata.com.br\/blog\/wp-content\/uploads\/2021\/09\/acidente-carro-empresa.png",248,211,false],"medium_large":["https:\/\/www.rotaexata.com.br\/blog\/wp-content\/uploads\/2021\/09\/acidente-carro-empresa.png",248,211,false],"large":["https:\/\/www.rotaexata.com.br\/blog\/wp-content\/uploads\/2021\/09\/acidente-carro-empresa.png",248,211,false],"1536x1536":["https:\/\/www.rotaexata.com.br\/blog\/wp-content\/uploads\/2021\/09\/acidente-carro-empresa.png",248,211,false],"2048x2048":["https:\/\/www.rotaexata.com.br\/blog\/wp-content\/uploads\/2021\/09\/acidente-carro-empresa.png",248,211,false],"small":["https:\/\/www.rotaexata.com.br\/blog\/wp-content\/uploads\/2021\/09\/acidente-carro-empresa-120x102.png",120,102,true],"custom-size":["https:\/\/www.rotaexata.com.br\/blog\/wp-content\/uploads\/2021\/09\/acidente-carro-empresa-248x200.png",248,200,true]},"uagb_author_info":{"display_name":"Eli","author_link":"https:\/\/www.rotaexata.com.br\/blog\/author\/eli\/"},"uagb_comment_info":0,"uagb_excerpt":"Conhe\u00e7a as causas e consequ\u00eancias de um acidente com ve\u00edculo da empresa","blog_post_layout_featured_media_urls":{"thumbnail":["https:\/\/www.rotaexata.com.br\/blog\/wp-content\/uploads\/2021\/09\/acidente-carro-empresa-150x150.png",150,150,true],"full":["https:\/\/www.rotaexata.com.br\/blog\/wp-content\/uploads\/2021\/09\/acidente-carro-empresa.png",248,211,false]},"categories_names":{"2":{"name":"Custos","link":"https:\/\/www.rotaexata.com.br\/blog\/category\/custos\/"},"5":{"name":"Seguran\u00e7a e Organiza\u00e7\u00e3o","link":"https:\/\/www.rotaexata.com.br\/blog\/category\/seguranca-e-organizacao\/"}},"tags_names":{"150":{"name":"acidente","link":"https:\/\/www.rotaexata.com.br\/blog\/tag\/acidente\/"},"151":{"name":"acidente com ve\u00edculo da empresa","link":"https:\/\/www.rotaexata.com.br\/blog\/tag\/acidente-com-veiculo-da-empresa\/"},"152":{"name":"causas de acidente com ve\u00edculo da empresa","link":"https:\/\/www.rotaexata.com.br\/blog\/tag\/causas-de-acidente-com-veiculo-da-empresa\/"},"154":{"name":"dire\u00e7\u00e3o ofensiva","link":"https:\/\/www.rotaexata.com.br\/blog\/tag\/direcao-ofensiva\/"},"146":{"name":"m\u00e1 conduta do motorista","link":"https:\/\/www.rotaexata.com.br\/blog\/tag\/ma-conduta-do-motorista\/"},"155":{"name":"m\u00e1 distribui\u00e7\u00e3o dos atendimentos","link":"https:\/\/www.rotaexata.com.br\/blog\/tag\/ma-distribuicao-dos-atendimentos\/"},"120":{"name":"manuten\u00e7\u00e3o preventiva","link":"https:\/\/www.rotaexata.com.br\/blog\/tag\/manutencao-preventiva\/"},"18":{"name":"rastreamento veicular","link":"https:\/\/www.rotaexata.com.br\/blog\/tag\/rastreamento-veicular\/"}},"comments_number":"0","_links":{"self":[{"href":"https:\/\/www.rotaexata.com.br\/blog\/wp-json\/wp\/v2\/posts\/3560"}],"collection":[{"href":"https:\/\/www.rotaexata.com.br\/blog\/wp-json\/wp\/v2\/posts"}],"about":[{"href":"https:\/\/www.rotaexata.com.br\/blog\/wp-json\/wp\/v2\/types\/post"}],"author":[{"embeddable":true,"href":"https:\/\/www.rotaexata.com.br\/blog\/wp-json\/wp\/v2\/users\/16"}],"replies":[{"embeddable":true,"href":"https:\/\/www.rotaexata.com.br\/blog\/wp-json\/wp\/v2\/comments?post=3560"}],"version-history":[{"count":18,"href":"https:\/\/www.rotaexata.com.br\/blog\/wp-json\/wp\/v2\/posts\/3560\/revisions"}],"predecessor-version":[{"id":6196,"href":"https:\/\/www.rotaexata.com.br\/blog\/wp-json\/wp\/v2\/posts\/3560\/revisions\/6196"}],"wp:featuredmedia":[{"embeddable":true,"href":"https:\/\/www.rotaexata.com.br\/blog\/wp-json\/wp\/v2\/media\/3561"}],"wp:attachment":[{"href":"https:\/\/www.rotaexata.com.br\/blog\/wp-json\/wp\/v2\/media?parent=3560"}],"wp:term":[{"taxonomy":"category","embeddable":true,"href":"https:\/\/www.rotaexata.com.br\/blog\/wp-json\/wp\/v2\/categories?post=3560"},{"taxonomy":"post_tag","embeddable":true,"href":"https:\/\/www.rotaexata.com.br\/blog\/wp-json\/wp\/v2\/tags?post=3560"}],"curies":[{"name":"wp","href":"https:\/\/api.w.org\/{rel}","templated":true}]}}