{"id":2901,"date":"2021-04-23T09:00:18","date_gmt":"2021-04-23T12:00:18","guid":{"rendered":"https:\/\/www.rotaexata.com.br\/blog\/?p=2901"},"modified":"2021-06-09T16:51:59","modified_gmt":"2021-06-09T19:51:59","slug":"politica-de-frotas-para-ambulancias","status":"publish","type":"post","link":"https:\/\/www.rotaexata.com.br\/blog\/politica-de-frotas-para-ambulancias\/","title":{"rendered":"Pol\u00edtica de frotas para ambul\u00e2ncias: saiba como estabelec\u00ea-la de forma efetiva!"},"content":{"rendered":"<div style=\"min-height: 30px;display: inline-block;\"><input id=\"2901\" style=\"margin: auto;max-width: 50px;\" src=\"https:\/\/www.rotaexata.com.br\/blog\/wp-content\/plugins\/wp-advanced-pdf\/asset\/images\/pdf.png\" alt=\"#TB_inline?height=230&amp;width=400&amp;inlineId=examplePopup1\" title=\"Export pdf to your Email\" class=\"thickbox export-pdf\" type=\"image\" value=\"Export to PDF\" \/><\/div>\r\n<p>Voc\u00ea sabia que criar uma <strong>pol\u00edtica de frotas<\/strong> para ambul\u00e2ncias pode otimizar as suas opera\u00e7\u00f5es de campo?<\/p>\r\n\r\n\r\n\r\n<p>De fato, muitas organiza\u00e7\u00f5es da \u00e1rea da sa\u00fade portam sua pr\u00f3pria frota de ambul\u00e2ncias, tendo em vista que esses ve\u00edculos s\u00e3o essenciais para o atendimento dos pacientes e deslocamento desses em v\u00e1rios trajetos.<\/p>\r\n\r\n\r\n\r\n<p>Por exemplo, \u00e9 a ambul\u00e2ncia que \u00e9 utilizada para a transfer\u00eancia de pacientes de uma unidade para outra, e \u00e9 esse ve\u00edculo que realiza os resgates urgentes e o transporte de uma pessoa em situa\u00e7\u00f5es de emerg\u00eancia.<\/p>\r\n\r\n\r\n\r\n<p>Portanto, a <strong>organiza\u00e7\u00e3o<\/strong> nesse tipo de opera\u00e7\u00e3o \u00e9 uma prioridade. \u00c9 por meio de uma <a href=\"https:\/\/www.rotaexata.com.br\/blog\/melhor-sistema-de-rastreamento-veicular\/\">boa fundamenta\u00e7\u00e3o da frota<\/a> que ela render\u00e1 da maneira que deve.<\/p>\r\n\r\n\r\n\r\n<p>Com o intuito de te ajudar a otimizar suas opera\u00e7\u00f5es com as ambul\u00e2ncias, preparamos um conte\u00fado exclusivo sobre os principais aspectos que devem estar inseridos em seus itiner\u00e1rios.<\/p>\r\n\r\n\r\n\r\n<p>Acompanhe com a gente!<\/p>\r\n\r\n\r\n\r\n<h2><strong>\u00cdndice:<\/strong><\/h2>\r\n\r\n\r\n\r\n<ol>\r\n<li><a href=\"#ambulancias\" data-type=\"internal\" data-id=\"#ambulancias\">Ambul\u00e2ncias: o funcionamento das opera\u00e7\u00f5es de campo<\/a><\/li>\r\n<li><a href=\"#fatores\" data-type=\"internal\" data-id=\"#fatores\">#3 fatores indispens\u00e1veis para as suas opera\u00e7\u00f5es<\/a><\/li>\r\n<li><a href=\"#garantir\" data-type=\"internal\" data-id=\"#garantir\">Como garantir que tais fatores sejam colocados em pr\u00e1tica?<\/a><\/li>\r\n<li><a href=\"#solu\u00e7ao\" data-type=\"internal\" data-id=\"#solu\u00e7ao\">Solu\u00e7\u00f5es!<\/a><\/li>\r\n<\/ol>\r\n\r\n\r\n\r\n<h2 id=\"ambulancias\"><strong>Ambul\u00e2ncias: o funcionamento das opera\u00e7\u00f5es de campo<\/strong><\/h2>\r\n\r\n\r\n\r\n<p>Diferentemente da maioria das empresas que dependem de frota veicular para a realiza\u00e7\u00e3o de um servi\u00e7o ou entrega, as corpora\u00e7\u00f5es que portam ambul\u00e2ncias focalizam algo diferente.<\/p>\r\n\r\n\r\n\r\n<p>Em suma, boa parte dos gestores de frota visam o rendimento e o bom desempenho por fins financeiros, que convergem para a prospec\u00e7\u00e3o de mais clientes e o crescimento da sua empresa.<\/p>\r\n\r\n\r\n\r\n<p>No entanto, as corpora\u00e7\u00f5es que det\u00eam as ambul\u00e2ncias possuem uma vis\u00e3o diferenciada.<\/p>\r\n\r\n\r\n\r\n<p>Por se tratarem de itiner\u00e1rios que visam salvar vidas, promover mais qualidade de vida e zelar por <strong>pessoas<\/strong>, a responsabilidade social \u00e9 um requisito.<\/p>\r\n\r\n\r\n\r\n<p>Sendo assim, o modelo de opera\u00e7\u00f5es do <a href=\"https:\/\/www.rotaexata.com.br\/blog\/servicos-de-pronto-atendimento\/\">pronto atendimento<\/a> \u00e9 a melhor op\u00e7\u00e3o para essas empresas, pois funciona a partir das demandas em tempo real.<\/p>\r\n\r\n\r\n\r\n<p>Como essa modalidade de servi\u00e7o envolve a velocidade e um car\u00e1ter bastante urgente, a pol\u00edtica de frotas para ambul\u00e2ncias precisa conter fatores que estejam alinhados a isso.<\/p>\r\n\r\n\r\n\r\n<p>Com base nesse contexto, separamos os 3 principais fatores, os quais s\u00e3o indispens\u00e1veis para o sucesso da sua opera\u00e7\u00e3o.<\/p>\r\n\r\n\r\n\r\n<p>Confira!<\/p>\r\n\r\n\r\n\r\n<h2 id=\"fatores\"><strong>#3 fatores indispens\u00e1veis para as suas opera\u00e7\u00f5es<\/strong><\/h2>\r\n\r\n\r\n\r\n<p>De modo geral, a pol\u00edtica visa um melhor desempenho da empresa portadora da frota. Al\u00e9m de uma maior satisfa\u00e7\u00e3o por parte dos pacientes que demandam esse servi\u00e7o e at\u00e9 mesmo uma otimiza\u00e7\u00e3o no sistema de sa\u00fade.<\/p>\r\n\r\n\r\n\r\n<p>\u00c9 com base nisso que selecionamos os tr\u00eas principais fatores, indispens\u00e1veis na realidade da sua empresa.<\/p>\r\n\r\n\r\n\r\n<p>No seu caso, mesmo que a frota seja menor, todo o cuidado \u00e9 necess\u00e1rio! Como j\u00e1 comentamos, esse segmento em espec\u00edfico tem ambi\u00e7\u00f5es muito maiores do que as financeiras.<\/p>\r\n\r\n\r\n\r\n<p>Dessa forma, a velocidade das opera\u00e7\u00f5es n\u00e3o visa apenas sucesso em sua \u00e1rea financeira, mas tamb\u00e9m o cumprimento do objetivo da \u00e1rea da sa\u00fade: vidas!<\/p>\r\n\r\n\r\n\r\n<p>Nesse cen\u00e1rio em que a seguran\u00e7a \u00e9 t\u00e3o importante, a sua pol\u00edtica de frotas para ambul\u00e2ncias deve ser formada por:<\/p>\r\n\r\n\r\n\r\n<h3><strong>#1 Checklist antes de usar o ve\u00edculo<\/strong><\/h3>\r\n\r\n\r\n\r\n<p>Para iniciar, um aspecto que voc\u00ea pode colocar na pol\u00edtica diz respeito \u00e0s etapas anteriores \u00e0 sa\u00edda da ambul\u00e2ncia para o campo.<\/p>\r\n\r\n\r\n\r\n<p>\u00c9 claro que, por se tratar de uma opera\u00e7\u00e3o de <strong>pronto atendimento<\/strong>, esses passos da \u201cchecklist\u201d devem ser feitos com frequ\u00eancia, n\u00e3o apenas antes de uma solicita\u00e7\u00e3o pela ambul\u00e2ncia.<\/p>\r\n\r\n\r\n\r\n<p>Na verdade, essa atitude seria ideal como uma rotina, visto que nunca se sabe quando um itiner\u00e1rio ser\u00e1 solicitado.<\/p>\r\n\r\n\r\n\r\n<p>Na checklist &#8211; que deve ser realizada pelo motorista &#8211; \u00e9 importante conter, por exemplo:<\/p>\r\n\r\n\r\n\r\n<ul>\r\n<li>Verificar os aparelhos el\u00e9tricos de atendimento ao paciente: desfibrilador, respirador e bomba de infus\u00e3o;<\/li>\r\n<li>Observar o funcionamento dos acess\u00f3rios de sinaliza\u00e7\u00e3o: alarme sonoro e sistema luminoso;<\/li>\r\n<li>Revisar a condi\u00e7\u00e3o do motor do ve\u00edculo;<\/li>\r\n<li>Conferir os materiais necess\u00e1rios para socorro: kits para remo\u00e7\u00e3o e ferramentas para pequenas cirurgias.<\/li>\r\n<\/ul>\r\n\r\n\r\n\r\n<p>Al\u00e9m disso, verificar os pneus, o \u00f3leo, a \u00e1gua e a quantidade de combust\u00edvel tamb\u00e9m \u00e9 sempre importante.<\/p>\r\n\r\n\r\n\r\n<p>Tenha em mente que <strong>as ambul\u00e2ncias n\u00e3o podem falhar!<\/strong><\/p>\r\n\r\n\r\n\r\n<h3><strong>#2 Os colaboradores devem estar regularizados para conduzir as ambul\u00e2ncias<\/strong><\/h3>\r\n\r\n\r\n\r\n<p>De acordo com a legisla\u00e7\u00e3o do <a href=\"http:\/\/www25.senado.leg.br\/web\/atividade\/materias\/-\/materia\/130387\">PLC 82\/2017<\/a>, os motoristas de ambul\u00e2ncia devem seguir algumas orienta\u00e7\u00f5es determinadas, para que possam conduzir o ve\u00edculo legalmente.<\/p>\r\n\r\n\r\n\r\n<p>S\u00e3o essas:<\/p>\r\n\r\n\r\n\r\n<ul>\r\n<li>Idade necess\u00e1ria: mais de 21 anos;<\/li>\r\n<li>CNH na categoria D ou E;<\/li>\r\n<li>Treinamento especializado e reciclagem a cada 5 anos.<\/li>\r\n<\/ul>\r\n\r\n\r\n\r\n<p>Para que os motoristas dos seus ve\u00edculos sejam regularizados, \u00e9 fundamental que esses requisitos estejam\u00a0 presentes na sua pol\u00edtica de frotas.<\/p>\r\n\r\n\r\n\r\n<h3><strong>#3 Manuten\u00e7\u00e3o mec\u00e2nica e el\u00e9trica<\/strong><\/h3>\r\n\r\n\r\n\r\n<p>Por fim, al\u00e9m de realizar uma verifica\u00e7\u00e3o todos os dias, como mencionamos na checklist anterior \u00e0s opera\u00e7\u00f5es, a manuten\u00e7\u00e3o <strong>completa<\/strong> dos \u00e2mbitos mec\u00e2nico e el\u00e9trico tamb\u00e9m \u00e9 indispens\u00e1vel.<\/p>\r\n\r\n\r\n\r\n<p>\u00c9 importante que voc\u00ea leve as ambul\u00e2ncias para revis\u00f5es constantes, tendo em vista que a qualidade de todas as pe\u00e7as deve estar boa.<\/p>\r\n\r\n\r\n\r\n<p>Inclusive, de acordo com a <a href=\"https:\/\/www.camara.leg.br\/noticias\/630504-projeto-exige-manutencao-periodica-de-ambulancias\/\">lei 5804\/19<\/a>, a manuten\u00e7\u00e3o preventiva de uma ambul\u00e2ncia \u00e9 obrigat\u00f3ria, devendo ser feita <strong>a cada 6 meses<\/strong>.<\/p>\r\n\r\n\r\n\r\n<h2 id=\"garantir\"><strong>Como garantir que tais fatores sejam colocados em pr\u00e1tica?<\/strong><\/h2>\r\n\r\n\r\n\r\n<p>Agora que voc\u00ea j\u00e1 sabe quais s\u00e3o as necessidades e componentes essenciais em uma pol\u00edtica de frotas para ambul\u00e2ncias, confira as poss\u00edveis solu\u00e7\u00f5es!<\/p>\r\n\r\n\r\n\r\n<p>Para fazer valer cada determina\u00e7\u00e3o e norma contida na pol\u00edtica, s\u00e3o necess\u00e1rios meios e ferramentas. Vamos apresentar alguns deles em seguida:<\/p>\r\n\r\n\r\n\r\n<h3 id=\"solu\u00e7ao\"><strong>Solu\u00e7\u00e3o para as manuten\u00e7\u00f5es e <\/strong><strong><em>check ups<\/em><\/strong><\/h3>\r\n\r\n\r\n\r\n<p>Em s\u00edntese, o controle de manuten\u00e7\u00f5es s\u00f3 \u00e9 efetivo por meio de um controle de um <a href=\"https:\/\/www.rotaexata.com.br\/gestao-frotas\">sistema de gest\u00e3o de frotas<\/a>.<\/p>\r\n\r\n\r\n\r\n<p>Por meio dessa ferramenta, voc\u00ea pode monitorar a revis\u00e3o das pe\u00e7as atrav\u00e9s do chamado <strong>plano de manuten\u00e7\u00e3o<\/strong>.<\/p>\r\n\r\n\r\n\r\n<figure class=\"wp-block-image size-large\"><img loading=\"lazy\" width=\"700\" height=\"221\" class=\"wp-image-2939\" src=\"https:\/\/www.rotaexata.com.br\/blog\/wp-content\/uploads\/2021\/03\/imagem_ambulancias03-700x221.jpg\" alt=\"pol\u00edtica de frotas para ambul\u00e2ncias\" srcset=\"https:\/\/www.rotaexata.com.br\/blog\/wp-content\/uploads\/2021\/03\/imagem_ambulancias03-700x221.jpg 700w, https:\/\/www.rotaexata.com.br\/blog\/wp-content\/uploads\/2021\/03\/imagem_ambulancias03-250x79.jpg 250w, https:\/\/www.rotaexata.com.br\/blog\/wp-content\/uploads\/2021\/03\/imagem_ambulancias03-768x242.jpg 768w, https:\/\/www.rotaexata.com.br\/blog\/wp-content\/uploads\/2021\/03\/imagem_ambulancias03-120x38.jpg 120w, https:\/\/www.rotaexata.com.br\/blog\/wp-content\/uploads\/2021\/03\/imagem_ambulancias03.jpg 952w\" sizes=\"(max-width: 700px) 100vw, 700px\" \/><\/figure>\r\n\r\n\r\n\r\n<p>Al\u00e9m disso, o <strong>m\u00f3dulo de automa\u00e7\u00e3o<\/strong> pode ser um \u00f3timo acess\u00f3rio para isso tamb\u00e9m. Para controlar a checklist di\u00e1ria, voc\u00ea pode criar um formul\u00e1rio para isso, dentro do sistema, o qual o motorista responde pelo aplicativo.<\/p>\r\n\r\n\r\n\r\n<p>\u00c9 uma forma de gerar colabora\u00e7\u00e3o nas opera\u00e7\u00f5es, visto que h\u00e1 intera\u00e7\u00e3o entre a gest\u00e3o da empresa e os motoristas.<\/p>\r\n\r\n\r\n\r\n<figure class=\"wp-block-image size-large\"><img loading=\"lazy\" width=\"700\" height=\"221\" class=\"wp-image-2938\" src=\"https:\/\/www.rotaexata.com.br\/blog\/wp-content\/uploads\/2021\/03\/imagem_ambulancias-700x221.jpg\" alt=\"pol\u00edtica de frotas para ambul\u00e2ncias\" srcset=\"https:\/\/www.rotaexata.com.br\/blog\/wp-content\/uploads\/2021\/03\/imagem_ambulancias-700x221.jpg 700w, https:\/\/www.rotaexata.com.br\/blog\/wp-content\/uploads\/2021\/03\/imagem_ambulancias-250x79.jpg 250w, https:\/\/www.rotaexata.com.br\/blog\/wp-content\/uploads\/2021\/03\/imagem_ambulancias-768x242.jpg 768w, https:\/\/www.rotaexata.com.br\/blog\/wp-content\/uploads\/2021\/03\/imagem_ambulancias-120x38.jpg 120w, https:\/\/www.rotaexata.com.br\/blog\/wp-content\/uploads\/2021\/03\/imagem_ambulancias.jpg 952w\" sizes=\"(max-width: 700px) 100vw, 700px\" \/><\/figure>\r\n\r\n\r\n\r\n<h3><strong>Solu\u00e7\u00e3o para a prepara\u00e7\u00e3o e conduta dos motoristas<\/strong><\/h3>\r\n\r\n\r\n\r\n<p>Por fim, quanto \u00e0 conduta dos motoristas e o seu treinamento para a condu\u00e7\u00e3o de ambul\u00e2ncias, recomendamos o uso do <a href=\"https:\/\/www.rotaexata.com.br\/rastreamento-veicular\">rastreamento veicular<\/a>.<\/p>\r\n\r\n\r\n\r\n<p>Utilizando as informa\u00e7\u00f5es e os dados de localiza\u00e7\u00e3o fornecidos, voc\u00ea realiza um verdadeiro <strong>monitoramento<\/strong>, o que garante que os motoristas cumpram suas obriga\u00e7\u00f5es e pratiquem uma boa dirigibilidade.<\/p>\r\n\r\n\r\n\r\n<p>Ali\u00e1s, \u00e9 voc\u00ea mesmo quem orienta as medidas permitidas e proibidas! Basta cadastrar em uma <strong>regra de rastreamento<\/strong>!<\/p>\r\n\r\n\r\n\r\n<figure class=\"wp-block-image size-large\"><img loading=\"lazy\" width=\"700\" height=\"221\" class=\"wp-image-2940\" src=\"https:\/\/www.rotaexata.com.br\/blog\/wp-content\/uploads\/2021\/03\/imagem_ambulancias02-700x221.jpg\" alt=\"pol\u00edtica de frotas para ambul\u00e2ncias\" srcset=\"https:\/\/www.rotaexata.com.br\/blog\/wp-content\/uploads\/2021\/03\/imagem_ambulancias02-700x221.jpg 700w, https:\/\/www.rotaexata.com.br\/blog\/wp-content\/uploads\/2021\/03\/imagem_ambulancias02-250x79.jpg 250w, https:\/\/www.rotaexata.com.br\/blog\/wp-content\/uploads\/2021\/03\/imagem_ambulancias02-768x242.jpg 768w, https:\/\/www.rotaexata.com.br\/blog\/wp-content\/uploads\/2021\/03\/imagem_ambulancias02-120x38.jpg 120w, https:\/\/www.rotaexata.com.br\/blog\/wp-content\/uploads\/2021\/03\/imagem_ambulancias02.jpg 952w\" sizes=\"(max-width: 700px) 100vw, 700px\" \/><\/figure>\r\n\r\n\r\n\r\n<p>Uma ideia \u00e9 unir essas regras \u00e0s normas contidas na pol\u00edtica.<\/p>\r\n\r\n\r\n\r\n<p>No mais, disponibilizamos um modelo de pol\u00edtica de frotas para voc\u00ea baixar! Ele \u00e9 edit\u00e1vel, para que voc\u00ea estabele\u00e7a as regras segundo o modelo do seu neg\u00f3cio e com base em suas necessidades!<\/p>\r\n\r\n\r\n\r\n<p>Aproveite!<\/p>\r\n\r\n\r\n\r\n<p><strong>Quer saber mais sobre o rastreamento veicular e o m\u00f3dulo de automa\u00e7\u00e3o?<\/strong><\/p>\r\n\r\n\r\n\r\n<p><a href=\"https:\/\/lp.rotaexata.com.br\/demonstracao-do-sistema\" data-type=\"URL\" data-id=\"https:\/\/lp.rotaexata.com.br\/demonstracao-do-sistema\">Conhecer o RotaExata na pr\u00e1tica!<\/a><\/p>\r\n","protected":false},"excerpt":{"rendered":"As ambul\u00e2ncias devem se deslocar com agilidade, aten\u00e7\u00e3o e seguran\u00e7a. Saiba como a pol\u00edtica de frotas proporciona isso!","protected":false},"author":5,"featured_media":2942,"comment_status":"open","ping_status":"open","sticky":false,"template":"","format":"standard","meta":{"_uag_custom_page_level_css":""},"categories":[5],"tags":[83,11,53,25,44],"yoast_head":"<!-- This site is optimized with the Yoast SEO plugin v17.9 - https:\/\/yoast.com\/wordpress\/plugins\/seo\/ -->\n<meta name=\"description\" content=\"Criar uma pol\u00edtica de frotas para ambul\u00e2ncias \u00e9 uma forma de manter controle e seguran\u00e7a nas opera\u00e7\u00f5es de campo. Saiba como estabelec\u00ea-la corretamente.\" \/>\n<meta name=\"robots\" content=\"index, follow, max-snippet:-1, max-image-preview:large, max-video-preview:-1\" \/>\n<link rel=\"canonical\" href=\"https:\/\/www.rotaexata.com.br\/blog\/politica-de-frotas-para-ambulancias\/\" \/>\n<meta property=\"og:locale\" content=\"pt_BR\" \/>\n<meta property=\"og:type\" content=\"article\" \/>\n<meta property=\"og:title\" content=\"Pol\u00edtica de frotas para ambul\u00e2ncias: como estabelec\u00ea-la de forma efetiva?\" \/>\n<meta property=\"og:description\" content=\"Criar uma pol\u00edtica de frotas para ambul\u00e2ncias \u00e9 uma forma de manter controle e seguran\u00e7a nas opera\u00e7\u00f5es de campo. Saiba como estabelec\u00ea-la corretamente.\" \/>\n<meta property=\"og:url\" content=\"https:\/\/www.rotaexata.com.br\/blog\/politica-de-frotas-para-ambulancias\/\" \/>\n<meta property=\"og:site_name\" content=\"RotaExata - Gest\u00e3o de Frotas e Rastreamento Veicular\" \/>\n<meta property=\"article:publisher\" content=\"https:\/\/www.facebook.com\/rotaexata\/\" \/>\n<meta property=\"article:published_time\" content=\"2021-04-23T12:00:18+00:00\" \/>\n<meta property=\"article:modified_time\" content=\"2021-06-09T19:51:59+00:00\" \/>\n<meta property=\"og:image\" content=\"https:\/\/i2.wp.com\/www.rotaexata.com.br\/blog\/wp-content\/uploads\/2021\/03\/capa_ambulancia.jpg?fit=248%2C211&#038;ssl=1\" \/>\n\t<meta property=\"og:image:width\" content=\"248\" \/>\n\t<meta property=\"og:image:height\" content=\"211\" \/>\n\t<meta property=\"og:image:type\" content=\"image\/jpeg\" \/>\n<meta name=\"twitter:card\" content=\"summary_large_image\" \/>\n<meta name=\"twitter:label1\" content=\"Written by\" \/>\n\t<meta name=\"twitter:data1\" content=\"rodrigo\" \/>\n\t<meta name=\"twitter:label2\" content=\"Est. reading time\" \/>\n\t<meta name=\"twitter:data2\" content=\"6 minutos\" \/>\n<script type=\"application\/ld+json\" class=\"yoast-schema-graph\">{\"@context\":\"https:\/\/schema.org\",\"@graph\":[{\"@type\":\"WebSite\",\"@id\":\"https:\/\/www.rotaexata.com.br\/blog\/#website\",\"url\":\"https:\/\/www.rotaexata.com.br\/blog\/\",\"name\":\"RotaExata - Gest\\u00e3o de Frotas e Rastreamento Veicular\",\"description\":\"A RotaExata \\u00e9 uma plataforma de Gest\\u00e3o de Frotas atrav\\u00e9s de Rastreamento Veicular\",\"potentialAction\":[{\"@type\":\"SearchAction\",\"target\":{\"@type\":\"EntryPoint\",\"urlTemplate\":\"https:\/\/www.rotaexata.com.br\/blog\/?s={search_term_string}\"},\"query-input\":\"required name=search_term_string\"}],\"inLanguage\":\"pt-BR\"},{\"@type\":\"ImageObject\",\"@id\":\"https:\/\/www.rotaexata.com.br\/blog\/politica-de-frotas-para-ambulancias\/#primaryimage\",\"inLanguage\":\"pt-BR\",\"url\":\"https:\/\/www.rotaexata.com.br\/blog\/wp-content\/uploads\/2021\/03\/capa_ambulancia.jpg\",\"contentUrl\":\"https:\/\/www.rotaexata.com.br\/blog\/wp-content\/uploads\/2021\/03\/capa_ambulancia.jpg\",\"width\":248,\"height\":211,\"caption\":\"aprenda a criar uma pol\\u00edtica de frotas para ambul\\u00e2ncias\"},{\"@type\":\"WebPage\",\"@id\":\"https:\/\/www.rotaexata.com.br\/blog\/politica-de-frotas-para-ambulancias\/#webpage\",\"url\":\"https:\/\/www.rotaexata.com.br\/blog\/politica-de-frotas-para-ambulancias\/\",\"name\":\"Pol\\u00edtica de frotas para ambul\\u00e2ncias: como estabelec\\u00ea-la de forma efetiva?\",\"isPartOf\":{\"@id\":\"https:\/\/www.rotaexata.com.br\/blog\/#website\"},\"primaryImageOfPage\":{\"@id\":\"https:\/\/www.rotaexata.com.br\/blog\/politica-de-frotas-para-ambulancias\/#primaryimage\"},\"datePublished\":\"2021-04-23T12:00:18+00:00\",\"dateModified\":\"2021-06-09T19:51:59+00:00\",\"author\":{\"@id\":\"https:\/\/www.rotaexata.com.br\/blog\/#\/schema\/person\/39369d3f089dee0ef46d1dac86537401\"},\"description\":\"Criar uma pol\\u00edtica de frotas para ambul\\u00e2ncias \\u00e9 uma forma de manter controle e seguran\\u00e7a nas opera\\u00e7\\u00f5es de campo. Saiba como estabelec\\u00ea-la corretamente.\",\"breadcrumb\":{\"@id\":\"https:\/\/www.rotaexata.com.br\/blog\/politica-de-frotas-para-ambulancias\/#breadcrumb\"},\"inLanguage\":\"pt-BR\",\"potentialAction\":[{\"@type\":\"ReadAction\",\"target\":[\"https:\/\/www.rotaexata.com.br\/blog\/politica-de-frotas-para-ambulancias\/\"]}]},{\"@type\":\"BreadcrumbList\",\"@id\":\"https:\/\/www.rotaexata.com.br\/blog\/politica-de-frotas-para-ambulancias\/#breadcrumb\",\"itemListElement\":[{\"@type\":\"ListItem\",\"position\":1,\"name\":\"Home\",\"item\":\"https:\/\/www.rotaexata.com.br\/blog\/\"},{\"@type\":\"ListItem\",\"position\":2,\"name\":\"Pol\\u00edtica de frotas para ambul\\u00e2ncias: saiba como estabelec\\u00ea-la de forma efetiva!\"}]},{\"@type\":\"Person\",\"@id\":\"https:\/\/www.rotaexata.com.br\/blog\/#\/schema\/person\/39369d3f089dee0ef46d1dac86537401\",\"name\":\"rodrigo\",\"image\":{\"@type\":\"ImageObject\",\"@id\":\"https:\/\/www.rotaexata.com.br\/blog\/#personlogo\",\"inLanguage\":\"pt-BR\",\"url\":\"https:\/\/secure.gravatar.com\/avatar\/65ffdab244304ac529c7995e34bcd529?s=96&d=mm&r=g\",\"contentUrl\":\"https:\/\/secure.gravatar.com\/avatar\/65ffdab244304ac529c7995e34bcd529?s=96&d=mm&r=g\",\"caption\":\"rodrigo\"}}]}<\/script>\n<!-- \/ Yoast SEO plugin. -->","yoast_head_json":{"description":"Criar uma pol\u00edtica de frotas para ambul\u00e2ncias \u00e9 uma forma de manter controle e seguran\u00e7a nas opera\u00e7\u00f5es de campo. Saiba como estabelec\u00ea-la corretamente.","robots":{"index":"index","follow":"follow","max-snippet":"max-snippet:-1","max-image-preview":"max-image-preview:large","max-video-preview":"max-video-preview:-1"},"canonical":"https:\/\/www.rotaexata.com.br\/blog\/politica-de-frotas-para-ambulancias\/","og_locale":"pt_BR","og_type":"article","og_title":"Pol\u00edtica de frotas para ambul\u00e2ncias: como estabelec\u00ea-la de forma efetiva?","og_description":"Criar uma pol\u00edtica de frotas para ambul\u00e2ncias \u00e9 uma forma de manter controle e seguran\u00e7a nas opera\u00e7\u00f5es de campo. Saiba como estabelec\u00ea-la corretamente.","og_url":"https:\/\/www.rotaexata.com.br\/blog\/politica-de-frotas-para-ambulancias\/","og_site_name":"RotaExata - Gest\u00e3o de Frotas e Rastreamento Veicular","article_publisher":"https:\/\/www.facebook.com\/rotaexata\/","article_published_time":"2021-04-23T12:00:18+00:00","article_modified_time":"2021-06-09T19:51:59+00:00","og_image":[{"width":248,"height":211,"url":"https:\/\/i2.wp.com\/www.rotaexata.com.br\/blog\/wp-content\/uploads\/2021\/03\/capa_ambulancia.jpg?fit=248%2C211&ssl=1","type":"image\/jpeg"}],"twitter_card":"summary_large_image","twitter_misc":{"Written by":"rodrigo","Est. reading time":"6 minutos"},"schema":{"@context":"https:\/\/schema.org","@graph":[{"@type":"WebSite","@id":"https:\/\/www.rotaexata.com.br\/blog\/#website","url":"https:\/\/www.rotaexata.com.br\/blog\/","name":"RotaExata - Gest\u00e3o de Frotas e Rastreamento Veicular","description":"A RotaExata \u00e9 uma plataforma de Gest\u00e3o de Frotas atrav\u00e9s de Rastreamento Veicular","potentialAction":[{"@type":"SearchAction","target":{"@type":"EntryPoint","urlTemplate":"https:\/\/www.rotaexata.com.br\/blog\/?s={search_term_string}"},"query-input":"required name=search_term_string"}],"inLanguage":"pt-BR"},{"@type":"ImageObject","@id":"https:\/\/www.rotaexata.com.br\/blog\/politica-de-frotas-para-ambulancias\/#primaryimage","inLanguage":"pt-BR","url":"https:\/\/www.rotaexata.com.br\/blog\/wp-content\/uploads\/2021\/03\/capa_ambulancia.jpg","contentUrl":"https:\/\/www.rotaexata.com.br\/blog\/wp-content\/uploads\/2021\/03\/capa_ambulancia.jpg","width":248,"height":211,"caption":"aprenda a criar uma pol\u00edtica de frotas para ambul\u00e2ncias"},{"@type":"WebPage","@id":"https:\/\/www.rotaexata.com.br\/blog\/politica-de-frotas-para-ambulancias\/#webpage","url":"https:\/\/www.rotaexata.com.br\/blog\/politica-de-frotas-para-ambulancias\/","name":"Pol\u00edtica de frotas para ambul\u00e2ncias: como estabelec\u00ea-la de forma efetiva?","isPartOf":{"@id":"https:\/\/www.rotaexata.com.br\/blog\/#website"},"primaryImageOfPage":{"@id":"https:\/\/www.rotaexata.com.br\/blog\/politica-de-frotas-para-ambulancias\/#primaryimage"},"datePublished":"2021-04-23T12:00:18+00:00","dateModified":"2021-06-09T19:51:59+00:00","author":{"@id":"https:\/\/www.rotaexata.com.br\/blog\/#\/schema\/person\/39369d3f089dee0ef46d1dac86537401"},"description":"Criar uma pol\u00edtica de frotas para ambul\u00e2ncias \u00e9 uma forma de manter controle e seguran\u00e7a nas opera\u00e7\u00f5es de campo. Saiba como estabelec\u00ea-la corretamente.","breadcrumb":{"@id":"https:\/\/www.rotaexata.com.br\/blog\/politica-de-frotas-para-ambulancias\/#breadcrumb"},"inLanguage":"pt-BR","potentialAction":[{"@type":"ReadAction","target":["https:\/\/www.rotaexata.com.br\/blog\/politica-de-frotas-para-ambulancias\/"]}]},{"@type":"BreadcrumbList","@id":"https:\/\/www.rotaexata.com.br\/blog\/politica-de-frotas-para-ambulancias\/#breadcrumb","itemListElement":[{"@type":"ListItem","position":1,"name":"Home","item":"https:\/\/www.rotaexata.com.br\/blog\/"},{"@type":"ListItem","position":2,"name":"Pol\u00edtica de frotas para ambul\u00e2ncias: saiba como estabelec\u00ea-la de forma efetiva!"}]},{"@type":"Person","@id":"https:\/\/www.rotaexata.com.br\/blog\/#\/schema\/person\/39369d3f089dee0ef46d1dac86537401","name":"rodrigo","image":{"@type":"ImageObject","@id":"https:\/\/www.rotaexata.com.br\/blog\/#personlogo","inLanguage":"pt-BR","url":"https:\/\/secure.gravatar.com\/avatar\/65ffdab244304ac529c7995e34bcd529?s=96&d=mm&r=g","contentUrl":"https:\/\/secure.gravatar.com\/avatar\/65ffdab244304ac529c7995e34bcd529?s=96&d=mm&r=g","caption":"rodrigo"}}]}},"jetpack_featured_media_url":"https:\/\/www.rotaexata.com.br\/blog\/wp-content\/uploads\/2021\/03\/capa_ambulancia.jpg","uagb_featured_image_src":{"full":["https:\/\/www.rotaexata.com.br\/blog\/wp-content\/uploads\/2021\/03\/capa_ambulancia.jpg",248,211,false],"thumbnail":["https:\/\/www.rotaexata.com.br\/blog\/wp-content\/uploads\/2021\/03\/capa_ambulancia-150x150.jpg",150,150,true],"medium":["https:\/\/www.rotaexata.com.br\/blog\/wp-content\/uploads\/2021\/03\/capa_ambulancia.jpg",248,211,false],"medium_large":["https:\/\/www.rotaexata.com.br\/blog\/wp-content\/uploads\/2021\/03\/capa_ambulancia.jpg",248,211,false],"large":["https:\/\/www.rotaexata.com.br\/blog\/wp-content\/uploads\/2021\/03\/capa_ambulancia.jpg",248,211,false],"1536x1536":["https:\/\/www.rotaexata.com.br\/blog\/wp-content\/uploads\/2021\/03\/capa_ambulancia.jpg",248,211,false],"2048x2048":["https:\/\/www.rotaexata.com.br\/blog\/wp-content\/uploads\/2021\/03\/capa_ambulancia.jpg",248,211,false],"small":["https:\/\/www.rotaexata.com.br\/blog\/wp-content\/uploads\/2021\/03\/capa_ambulancia-120x102.jpg",120,102,true],"custom-size":["https:\/\/www.rotaexata.com.br\/blog\/wp-content\/uploads\/2021\/03\/capa_ambulancia-248x200.jpg",248,200,true]},"uagb_author_info":{"display_name":"rodrigo","author_link":"https:\/\/www.rotaexata.com.br\/blog\/author\/rodrigo\/"},"uagb_comment_info":0,"uagb_excerpt":"As ambul\u00e2ncias devem se deslocar com agilidade, aten\u00e7\u00e3o e seguran\u00e7a. Saiba como a pol\u00edtica de frotas proporciona isso!","blog_post_layout_featured_media_urls":{"thumbnail":["https:\/\/www.rotaexata.com.br\/blog\/wp-content\/uploads\/2021\/03\/capa_ambulancia-150x150.jpg",150,150,true],"full":["https:\/\/www.rotaexata.com.br\/blog\/wp-content\/uploads\/2021\/03\/capa_ambulancia.jpg",248,211,false]},"categories_names":{"5":{"name":"Seguran\u00e7a e Organiza\u00e7\u00e3o","link":"https:\/\/www.rotaexata.com.br\/blog\/category\/seguranca-e-organizacao\/"}},"tags_names":{"83":{"name":"ambul\u00e2ncia","link":"https:\/\/www.rotaexata.com.br\/blog\/tag\/ambulancia\/"},"11":{"name":"frota","link":"https:\/\/www.rotaexata.com.br\/blog\/tag\/frota\/"},"53":{"name":"pol\u00edtica de frota","link":"https:\/\/www.rotaexata.com.br\/blog\/tag\/politica-de-frota\/"},"25":{"name":"produtividade","link":"https:\/\/www.rotaexata.com.br\/blog\/tag\/produtividade\/"},"44":{"name":"seguran\u00e7a","link":"https:\/\/www.rotaexata.com.br\/blog\/tag\/seguranca\/"}},"comments_number":"0","_links":{"self":[{"href":"https:\/\/www.rotaexata.com.br\/blog\/wp-json\/wp\/v2\/posts\/2901"}],"collection":[{"href":"https:\/\/www.rotaexata.com.br\/blog\/wp-json\/wp\/v2\/posts"}],"about":[{"href":"https:\/\/www.rotaexata.com.br\/blog\/wp-json\/wp\/v2\/types\/post"}],"author":[{"embeddable":true,"href":"https:\/\/www.rotaexata.com.br\/blog\/wp-json\/wp\/v2\/users\/5"}],"replies":[{"embeddable":true,"href":"https:\/\/www.rotaexata.com.br\/blog\/wp-json\/wp\/v2\/comments?post=2901"}],"version-history":[{"count":4,"href":"https:\/\/www.rotaexata.com.br\/blog\/wp-json\/wp\/v2\/posts\/2901\/revisions"}],"predecessor-version":[{"id":2943,"href":"https:\/\/www.rotaexata.com.br\/blog\/wp-json\/wp\/v2\/posts\/2901\/revisions\/2943"}],"wp:featuredmedia":[{"embeddable":true,"href":"https:\/\/www.rotaexata.com.br\/blog\/wp-json\/wp\/v2\/media\/2942"}],"wp:attachment":[{"href":"https:\/\/www.rotaexata.com.br\/blog\/wp-json\/wp\/v2\/media?parent=2901"}],"wp:term":[{"taxonomy":"category","embeddable":true,"href":"https:\/\/www.rotaexata.com.br\/blog\/wp-json\/wp\/v2\/categories?post=2901"},{"taxonomy":"post_tag","embeddable":true,"href":"https:\/\/www.rotaexata.com.br\/blog\/wp-json\/wp\/v2\/tags?post=2901"}],"curies":[{"name":"wp","href":"https:\/\/api.w.org\/{rel}","templated":true}]}}